{"id":22137,"date":"2023-10-30T15:54:51","date_gmt":"2023-10-30T14:54:51","guid":{"rendered":"https:\/\/cavalor.com\/articles\/je-paard-in-conditie-in-de-winter\/"},"modified":"2026-04-08T13:48:55","modified_gmt":"2026-04-08T11:48:55","slug":"wie-halten-sie-ihr-pferd-auch-in-den-wintermonaten-in-optimaler-verfassung","status":"publish","type":"articles","link":"https:\/\/cavalor.com\/de\/artikel\/wie-halten-sie-ihr-pferd-auch-in-den-wintermonaten-in-optimaler-verfassung\/","title":{"rendered":"Wie halten Sie ihr Pferd auch in den Wintermonaten in optimaler Verfassung?"},"content":{"rendered":"\n<h6 class=\"wp-block-heading\" id=\"h-die-tage-sind-kurzer-die-temperaturen-niedriger-es-ist-grau-und-nass-es-ist-wieder-winter-seien-sie-ehrlich-passen-sie-die-versorgung-ihres-pferdes-an-die-jahreszeiten-an-das-stallleben-bringt-im-winter-andere-ablaufe-mit-sich-als-im-sommer-beispielsweise-steht-ihr-pferd-im-winter-wahrscheinlich-viel-weniger-auf-der-koppel-als-im-sommer-moglicherweise-haben-sie-ihr-pferd-auch-geschoren-und-vielleicht-stellen-sie-die-typischen-beschwerden-im-winter-fest-weniger-abwehrkrafte-mauke-strahlfaule-es-ist-zeit-die-stallroutinen-im-winter-genauer-unter-die-lupe-zu-nehmen\">Die Tage sind k\u00fcrzer, die Temperaturen niedriger, es ist grau und nass. Es ist wieder Winter! Seien Sie ehrlich: Passen Sie die Versorgung Ihres Pferdes an die Jahreszeiten an? Das Stallleben bringt im Winter andere Abl\u00e4ufe mit sich als im Sommer. Beispielsweise steht Ihr Pferd im Winter wahrscheinlich viel weniger auf der Koppel als im Sommer. M\u00f6glicherweise haben Sie Ihr Pferd auch geschoren? Und vielleicht stellen Sie die typischen Beschwerden im Winter fest: weniger Abwehrkr\u00e4fte, Mauke, Strahlf\u00e4ule. Es ist Zeit, die Stallroutinen im Winter genauer unter die Lupe zu nehmen!<\/h6>\n\n\n\n<p>Wir beginnen diesen Artikel mit einer kurzen Checkliste, die Sie f\u00fcr sich selbst ausf\u00fcllen k\u00f6nnen. Wo liegen f\u00fcr Sie die Unterschiede zwischen Winter und Sommer?<\/p>\n\n\n\n<ul class=\"wp-block-list\">\n<li>Geht Ihr Pferd mehr oder weniger auf die Koppel?<\/li>\n\n\n\n<li>Wird Ihr Pferd mehr oder weniger bewegt?<\/li>\n<\/ul>\n\n\n\n<p><\/p>\n\n\n\n<p>Wahrscheinlich werden Sie beide Fragen mit \u201eweniger\u201c beantworten. Also weniger Bewegung und weniger auf der Koppel. Dann werden Sie auch erkennen k\u00f6nnen, dass Ihr Pferd seine Energie weniger herauslassen kann. Und mehr im Stall stehen bedeutet oft auch mehr Langeweile. Sorgen Sie daf\u00fcr, dass Ihr Pferd ausreichend Raufutter bekommt, verteilt auf mehrere Rationen am Tag, sodass es dauerhaft fressen kann und der Magen immer voll ist (auch das hilft auch gegen Langeweile). Geben Sie bei Bedarf ein Erg\u00e4nzungsfuttermittel oder einen Balancer mit den ben\u00f6tigten Vitaminen, Mineralstoffen und Spurenelementen. Und wenn Ihr Pferd weniger Bewegung bekommt, passen Sie auch die Menge an Kraftfutter an.<\/p>\n\n\n\n<figure class=\"wp-block-pullquote\"><blockquote><p><strong>Das Stallleben bringt im Winter andere Abl\u00e4ufe mit sich als im Sommer<\/strong><\/p><\/blockquote><\/figure>\n\n\n\n<h5 class=\"wp-block-heading\" id=\"h-raufutter-im-winter\">Raufutter im Winter<\/h5>\n\n\n\n<p>Die meisten Pferde stehen im Winter weniger auf der Koppel. Sie fressen dann kaum oder gar kein Gras, wobei das Gras im Winter auch weniger gehaltvoll ist als im Sommer. Das Pferd bekommt dadurch weniger N\u00e4hrstoffe aus dem Gras, daher sind Pferde im Winter st\u00e4rker auf Raufutter angewiesen. Heu oder Heulage enth\u00e4lt weniger Vitamine und Mineralstoffe als frisches Gras. Das wird von Pferdebesitzern oft \u00fcbersehen. Die Pferde bekommen im Winter genauso viel Raufutter wie im Sommer, obwohl sie in der kalten Jahreszeit mehr ben\u00f6tigen. Au\u00dferdem gehen im Laufe der Zeit Proteine, Vitamine und Mineralstoffe im Heu und auch in der Heulage verloren. Das liegt daran, dass das Heu im Fr\u00fchjahr oder Sommer geschnitten und erst im Winter verf\u00fcttert wird. In der Zwischenzeit ver\u00e4ndert sich sein N\u00e4hrwert. Man beobachtet h\u00e4ufig, dass die Pferde im Februar magerer sind oder das Fell weniger gl\u00e4nzt. Um diese Defizite auszugleichen, k\u00f6nne Sie ein Futtererg\u00e4nzungsmittel oder einen Balancer verabreichen. Was genau Sie geben h\u00e4ngt vom Pferd, der Situation und der Intensit\u00e4t der Arbeit ab.<\/p>\n\n\n\n<h5 class=\"wp-block-heading\" id=\"h-abwehrkrafte-unterstutzen\">Abwehrkr\u00e4fte unterst\u00fctzen<\/h5>\n\n\n\n<p>Weniger Bewegung und weniger auf der Koppel. In den Wintermonaten stehen Pferde oft mehr im Stall. Pferde decken ihren Bedarf an Vitamin D aus dem Sonnenlicht. Jetzt, wo die Sonne weniger scheint, holt sich das Pferd sein Vitamin D aus dem Futter. Um einen Vitamin D-Mangel zu verhindern, k\u00f6nnen Sie Vitamine und Mineralstoffe zuf\u00fcttern. T\u00fcren und Fenster im Stall sind h\u00e4ufiger geschlossen. Ein wunderbares Umfeld f\u00fcr Viren und Bakterien. Die Abwehrkr\u00e4fte der Pferde im Winter werden schnell auf die Probe gestellt. Wenn Sie das Immunsystem Ihres Pferdes in dieser Zeit zus\u00e4tzlich unterst\u00fctzen, ist das Pferd weniger anf\u00e4llig f\u00fcr Krankheiten. Omega 3-Fetts\u00e4uren und zus\u00e4tzliche Ballaststoffe bieten weitere gesundheitliche Vorteile. Im Winter nehmen Pferde \u00fcber das Kraftfutter oft viele Omega 6-Fetts\u00e4uren auf. Omega 3-Fetts\u00e4uren hingegen werden weniger aufgenommen und auch das Heu, das gefressen wird, enth\u00e4lt weniger Omega 3-Fetts\u00e4uren als das frische Gras im Sommer. Omega 3-Fetts\u00e4uren sind f\u00fcr das Immunsystem und f\u00fcr die Produktion von Omega 9 im Dickdarm sehr wichtig. Sie sorgen f\u00fcr Gesundheit von innen heraus! Auch ballaststoffreiches Mash ist ein willkommenes Extra in den Wintermonaten: eine Quelle f\u00fcr Ballaststoffe, gut f\u00fcr die Darmflora und die Pferde haben ein wenig mehr zu tun und etwas zu knabbern.<\/p>\n\n\n\n<figure class=\"wp-block-pullquote\"><blockquote><p>In den Wintermonaten stehen Pferde oft mehr im Stall<\/p><\/blockquote><\/figure>\n\n\n\n<h5 class=\"wp-block-heading\" id=\"h-ist-ihnen-kalt-ihrem-pferd-nicht\">Ist Ihnen kalt? Ihrem Pferd nicht!<\/h5>\n\n\n\n<p>Ein Pferd kann sich viel besser an die Witterungsbedingungen anpassen als der Mensch. Pferde haben mehr Muskelmasse, um sich zu w\u00e4rmen, und weniger Haut, die abk\u00fchlen kann. Darum ist die thermoneutrale Zone von Pferden anders als die von Menschen. Die thermoneutrale Zone ist die optimale Temperatur, bei dem es f\u00fcr ein Pferd ohne Decke weder zu warm noch zu kalt ist. Sie liegt bei Pferden (in gem\u00e4\u00dfigten Klimazonen) zwischen 5 \u00b0C und 25 \u00b0C. Bei Menschen liegt die thermoneutrale Zone zwischen 25\u00b0C und 30\u00b0C. Wenn es k\u00e4lter wird als in der thermoneutralen Zone, ben\u00f6tigt das Pferd zus\u00e4tzliche Energie, um sich warm zu halten. F\u00fcr viele Pferdebesitzer ist es sinnvoll, das Pferd einzudecken, das ist jedoch keine L\u00f6sung f\u00fcr Pferde, die st\u00e4ndig drau\u00dfen stehen. Pferde w\u00e4rmen sich in den Wintermonaten durch ihre Verdauung, daher hilft F\u00fcttern dem Pferd dabei, sich warm zu halten. Durch die Verdauung von Futter produziert ein Pferd W\u00e4rme. Dies ist auf die G\u00e4rung im Blinddarm und Dickdarm zur\u00fcckzuf\u00fchren. Vor allem Ballaststoffe setzen diesen Prozess in Gang. Wenn in Pferd in den Wintermonaten ganzt\u00e4gig drau\u00dfen steht, ist die F\u00fctterung von Raufutter (das einen hohen Ballaststoffgehalt hat) notwendig. Vor allem da Pferde im Winter nicht ausreichend Ballaststoffe aus dem Gras erhalten k\u00f6nnen.<\/p>\n\n\n\n<h5 class=\"wp-block-heading\" id=\"h-wie-sieht-das-bei-geschorenen-pferden-aus\">Wie sieht das bei geschorenen Pferden aus?<\/h5>\n\n\n\n<p>Das Pferd im Winter zu scheren erleichtert das Leben f\u00fcr Sportpferde und Reiter. Das Pferd kann beim Training erzeugte W\u00e4rme leichter wieder abgeben. Und es wird nach dem Training schneller trocken. Doch das Scheren des Pferdes ver\u00e4ndert seine thermoneutrale Zone. Sorgen Sie daher daf\u00fcr, dass sie Ihrem Pferd nach dem Abk\u00fchlen und abh\u00e4ngig von der Au\u00dfentemperatur mit der richtigen Decke eindecken. Es ist auch zu ber\u00fccksichtigen, dass die Haut der Pferde sehr empfindlich ist. Achten Sie auf ein sauberes, weiches Fell. Und verwenden Sie pH-neutrale Produkte, um die Haut mit N\u00e4hrstoffen zu versorgen und zu sch\u00fctzen. Ein neutraler pH-Wert f\u00fcr ein Pferd liegt zwischen 7,0 und 7,4.<\/p>\n\n\n\n<figure class=\"wp-block-image size-full\"><img fetchpriority=\"high\" decoding=\"async\" width=\"460\" height=\"147\" src=\"https:\/\/cavalor.com\/wp-content\/uploads\/2021\/09\/Science_Sunday.png\" alt=\"\" class=\"wp-image-20544\" srcset=\"https:\/\/cavalor.com\/wp-content\/uploads\/2021\/09\/Science_Sunday.png 460w, https:\/\/cavalor.com\/wp-content\/uploads\/2021\/09\/Science_Sunday-300x96.png 300w\" sizes=\"(max-width: 460px) 100vw, 460px\" \/><\/figure>\n\n\n\n<h5 class=\"wp-block-heading\" id=\"h-und-zu-guter-letzt-die-winterhygiene\">Und zu guter Letzt: die Winterhygiene<\/h5>\n\n\n\n<p>Matsch, Feuchtigkeit und Urin. Jeder Punkt f\u00fcr sich muss unbedingt ber\u00fccksichtigt werden. Miteinander kombiniert verst\u00e4rken sie sich und sind h\u00e4ufig Ursache f\u00fcr bekannte Winterprobleme wie Mauke und Strahlf\u00e4ule. Es muss daher nicht weiter erw\u00e4hnt werden, dass ein sauberer Stall in den Wintermonaten besonders viel Aufmerksamkeit ben\u00f6tigt. Erg\u00e4nzend dazu k\u00f6nnen Sie sich eine \u201eErste Hilfe-Ausr\u00fcstung f\u00fcr den Winter\u201c zulegen, mit Produkten gegen Mauke und Strahlf\u00e4ule wie <a href=\"https:\/\/cavalor.com\/de\/produkte\/muddoc\/\"><strong>Cavalor MudDoc<\/strong><\/a> und <a href=\"https:\/\/cavalor.com\/de\/dry-feet-3\/\"><strong>Cavalor Dry Feet<\/strong><\/a>.  <\/p>\n\n\n\n<h5 class=\"wp-block-heading\" id=\"h-empfehlung-von-unserem-ernahrungswissenschaften\">Empfehlung von unserem Ern\u00e4hrungswissenschaften<\/h5>\n\n\n\n<p>Zun\u00e4chst einmal ist es wichtig, dass sie die Unterschiede zwischen Sommer und Winter f\u00fcr Ihr Pferd kennen. Ausreichend Raufutter ist das Geheimnis, um gut durch die Wintermonate zu kommen. Geben Sie bei Bedarf ein Erg\u00e4nzungsfuttermittel oder einen Balancer mit den ben\u00f6tigten Vitaminen, Mineralstoffen und Spurenelementen. Und wenn Ihr Pferd mehr oder weniger Bewegung bekommt, passen Sie auch die Menge an Kraftfutter an.<\/p>\n\n\n\n<p>Hier ein paar Tipps:<\/p>\n\n\n\n<p><strong>Suchen Sie eine Erg\u00e4nzung zum Raufutter? M\u00f6chten Sie lieber Kraftfutter geben? Oder hat Ihr Raufutter zu viel an Vitaminen und Mineralstoffen verloren?<\/strong><\/p>\n\n\n\n<p>Um den Mangel an Vitaminen und Mineralstoffen bei Freizeitpferden auszugleichen, empfehlen wir <a href=\"https:\/\/cavalor.com\/de\/produkte\/nutri-support\/\"><strong>Cavalor Nutri Support<\/strong><\/a>. Wenn Sie nicht allzu viel Kraftfutter f\u00fcttern m\u00f6chten, versorgt dieses Erg\u00e4nzungsfuttermittel Ihr Pferd mit allen notwendigen Vitaminen und Mineralstoffen. F\u00fcr Sportpferde haben wir <a href=\"https:\/\/cavalor.com\/de\/produkte\/nutri-plus\/\"><strong>Cavalor Nutri Plus<\/strong><\/a> entwickelt. Es enth\u00e4lt mehr N\u00e4hrstoffe, im Vergleich zu Nutri Support, da Sportpferde einen h\u00f6heren Bedarf an bestimmten Vitaminen und Mineralstoffen haben. Au\u00dferdem beinhaltet es Aminos\u00e4uren, Elektrolyte, Vitamin B und E sowie Selen.<\/p>\n\n\n\n<p><strong>Hat Ihr Pferd stumpfes, glanzloses Fell und kann sein Immunsystem etwas St\u00e4rkung vertragen?<\/strong><\/p>\n\n\n\n<p><a href=\"https:\/\/cavalor.com\/de\/oilmega\/\"><strong>Cavalor OilMega<\/strong><\/a> ist eine pflanzliche Unterst\u00fctzung f\u00fcr Darmflora und Immunsystem. Es ist eine ausgewogene Mischung aus speziellen Fetts\u00e4uren, Omega 3, Omega 6, Vitamin E und einem nat\u00fcrlichen Antibiotikum zur Unterst\u00fctzung des Dickdarms. Es sorgt f\u00fcr ein gl\u00e4nzendes Fell und unterst\u00fctzt den Fellwechsel. Wir empfehlen, es von November bis April zu f\u00fcttern.<\/p>\n\n\n\n<p><strong>M\u00f6chten Sie Ihr Pferd mit zus\u00e4tzlichen Ballaststoffen versorgen?<\/strong><\/p>\n\n\n\n<p><a href=\"https:\/\/cavalor.com\/de\/strucomash-beet\/\"><strong>Cavalor Strucomash Beet<\/strong><\/a> ist reich an Ballaststoffen, die ein wesentlicher Bestandteil der Ern\u00e4hrung des Pferdes sind. Es enth\u00e4lt getrocknete R\u00fcbenschnitzelflocken und lange Fasern. Nach 60 Minuten Einweichen k\u00f6nnen Sie es f\u00fcttern. Es dient Ihrem Pferd in den Wintermonaten au\u00dferdem als toller Leckerbissen.<\/p>\n\n\n\n<p><strong>Nimmt Ihr Pferd in den Wintermonaten ab? Und kann es zus\u00e4tzliche Unterst\u00fctzung gebrauchen?<\/strong><\/p>\n\n\n\n<p>Dann k\u00f6nnen Sie <a href=\"https:\/\/cavalor.com\/de\/wholegain\/\"><strong>Cavalor WholeGain<\/strong><\/a> f\u00fcttern. Eine fettreiche und konzentrierte Mischung, die f\u00fcr ein fittes Pferd mit gl\u00e4nzendem Fell sorgt. So wird die Gewichtszunahme sicher angeregt.<\/p>\n\n\n\n<p><strong>M\u00f6chten Sie Ihr Pferd scheren?<\/strong><\/p>\n\n\n\n<p>Dann waschen Sie es vorher mit <a href=\"https:\/\/cavalor.com\/de\/produkte\/derma-wash\/\"><strong>Cavalor Derma Wash<\/strong><\/a>, einem pH-neutralen Shampoo, das desinfiziert, die Haut dabei aber nicht austrocknet. So wird das Scheren einfacher und effizienter. Der Zusatz von Glycerin in Cavalor Derma Wash macht es zu einem echten Conditioner f\u00fcr Fell und Haut.<\/p>\n\n\n\n<p><strong>Hat Ihr Pferde bereits mit Strahlf\u00e4ule zu k\u00e4mpfen?<\/strong><\/p>\n\n\n\n<p>Strahlf\u00e4ule ist eine l\u00e4stige Erkrankung, die durch eine bakterielle Infektion verursacht wird. Durch die Unterst\u00fctzung der gesunden Bakterien (Probiotika) mit Pr\u00e4biotika, haben Sie einen bedeutenden Vorteil in der Hand: Sie verdr\u00e4ngen aktiv die schlechten Bakterien, die Strahlf\u00e4ule verursachen! <a href=\"https:\/\/cavalor.com\/de\/dry-feet-3\/\"><strong>Cavalor Dry Feet<\/strong><\/a> bietet eine herausragende Wirkung, wenn es um die Bek\u00e4mpfung von Strahlf\u00e4ule geht, da es auf der Basis von Pr\u00e4- und Probiotika formuliert ist.<\/p>\n\n\n\n<p><strong>Sie m\u00fcssen Mauke unter Kontrolle bekommen?<\/strong><\/p>\n\n\n\n<p>Mauke ist schwer zu bek\u00e4mpfen, doch mit den richtigen Produkten bekommen Sie auch das in den Griff. <a href=\"https:\/\/cavalor.com\/de\/produkte\/muddoc\/\"><strong>Cavalor MudDoc<\/strong><\/a> enth\u00e4lt mehr als 10 \u00e4therische \u00d6le, die zusammenwirken, um zu heilen, zu lindern und zu desinfizieren. Die Formel ist vollkommen nat\u00fcrlich!<\/p>\n\n\n\n<p>Jedes Pferd ist anders. Jedes Pferd hat andere Bed\u00fcrfnisse. F\u00fcttern Sie Ihr Pferd entsprechend seinen Bed\u00fcrfnissen. M\u00f6chten Sie mehr \u00fcber die f\u00fcr Ihr Pferd geeignete Futterration wissen? Stellen Sie sie ganz einfach selbst zusammen &#8211; auf <a href=\"https:\/\/www.mycavalor.com\/\">www.MyCavalor.com<\/a> oder kontaktieren Sie uns \u00fcber unsere Consumer Line: +32(0)92202525.<\/p>\n\n\n\n<figure class=\"wp-block-embed is-type-video is-provider-youtube wp-block-embed-youtube wp-embed-aspect-16-9 wp-has-aspect-ratio\"><div class=\"wp-block-embed__wrapper\">\n<iframe title=\"How do you choose the right energy source for your horse?\" width=\"800\" height=\"450\" src=\"https:\/\/www.youtube.com\/embed\/8T_9ImWmFrg?feature=oembed&#038;enablejsapi=1&#038;origin=https:\/\/cavalor.com\" frameborder=\"0\" allow=\"accelerometer; autoplay; clipboard-write; encrypted-media; gyroscope; picture-in-picture; web-share\" referrerpolicy=\"strict-origin-when-cross-origin\" allowfullscreen><\/iframe>\n<\/div><\/figure>\n","protected":false},"excerpt":{"rendered":"<p>Die Tage sind k\u00fcrzer, die Temperaturen niedriger, es ist grau und nass. Es ist wieder Winter! Seien Sie ehrlich: Passen Sie die Versorgung Ihres Pferdes an die Jahreszeiten an? Das Stallleben bringt im Winter andere Abl\u00e4ufe mit sich als im Sommer. Beispielsweise steht Ihr Pferd im Winter wahrscheinlich viel weniger auf der Koppel als im [&hellip;]<\/p>\n","protected":false},"author":3774,"featured_media":118968,"comment_status":"open","ping_status":"closed","template":"","main-structure":[],"reference-activation":[],"search-archive":[494],"bezorgdheden":[266,338,263],"general-category":[404],"_hot_topics":[434,440,446,448,593,432],"class_list":["post-22137","articles","type-articles","status-publish","has-post-thumbnail","hentry","_hot_topics-energieschub","_hot_topics-herbst","_hot_topics-versorgung","_hot_topics-abwehrkrafte","_hot_topics-winter-de","_hot_topics-energie-de"],"yoast_head":"<!-- This site is optimized with the Yoast SEO Premium plugin v27.4 (Yoast SEO v27.4) - https:\/\/yoast.com\/product\/yoast-seo-premium-wordpress\/ -->\n<title>Cavalor articles - Read more about nutrition and health<\/title>\n<meta name=\"description\" content=\"Korte dagen, lagere temperaturen, grauw en nat: het is weer wintertijd! Zeg eens eerlijk: pas jij het management van je paard aan op de seizoenen?\" \/>\n<meta name=\"robots\" content=\"index, follow, max-snippet:-1, max-image-preview:large, max-video-preview:-1\" \/>\n<link rel=\"canonical\" href=\"https:\/\/cavalor.com\/de\/artikel\/wie-halten-sie-ihr-pferd-auch-in-den-wintermonaten-in-optimaler-verfassung\/\" \/>\n<meta property=\"og:locale\" content=\"de_DE\" \/>\n<meta property=\"og:type\" content=\"article\" \/>\n<meta property=\"og:title\" content=\"Wie halten Sie ihr Pferd auch in den Wintermonaten in optimaler Verfassung?\" \/>\n<meta property=\"og:description\" content=\"Korte dagen, lagere temperaturen, grauw en nat: het is weer wintertijd! Zeg eens eerlijk: pas jij het management van je paard aan op de seizoenen?\" \/>\n<meta property=\"og:url\" content=\"https:\/\/cavalor.com\/de\/artikel\/wie-halten-sie-ihr-pferd-auch-in-den-wintermonaten-in-optimaler-verfassung\/\" \/>\n<meta property=\"og:site_name\" content=\"Cavalor\" \/>\n<meta property=\"article:publisher\" content=\"https:\/\/www.facebook.com\/yourcavalor\" \/>\n<meta property=\"article:modified_time\" content=\"2026-04-08T11:48:55+00:00\" \/>\n<meta property=\"og:image\" content=\"https:\/\/cavalor.com\/wp-content\/uploads\/2023\/10\/winter-condition-1.jpg\" \/>\n\t<meta property=\"og:image:width\" content=\"1200\" \/>\n\t<meta property=\"og:image:height\" content=\"800\" \/>\n\t<meta property=\"og:image:type\" content=\"image\/jpeg\" \/>\n<meta name=\"twitter:card\" content=\"summary_large_image\" \/>\n<meta name=\"twitter:site\" content=\"@cavalor\" \/>\n<meta name=\"twitter:label1\" content=\"Gesch\u00e4tzte Lesezeit\" \/>\n\t<meta name=\"twitter:data1\" content=\"8 Minuten\" \/>\n<script type=\"application\/ld+json\" class=\"yoast-schema-graph\">{\"@context\":\"https:\\\/\\\/schema.org\",\"@graph\":[{\"@type\":\"Article\",\"@id\":\"https:\\\/\\\/cavalor.com\\\/de\\\/artikel\\\/wie-halten-sie-ihr-pferd-auch-in-den-wintermonaten-in-optimaler-verfassung\\\/#article\",\"isPartOf\":{\"@id\":\"https:\\\/\\\/cavalor.com\\\/de\\\/artikel\\\/wie-halten-sie-ihr-pferd-auch-in-den-wintermonaten-in-optimaler-verfassung\\\/\"},\"author\":{\"name\":\"Jo-Ann Vandermeiren\",\"@id\":\"https:\\\/\\\/cavalor.com\\\/de\\\/#\\\/schema\\\/person\\\/2756bf46b8123bde5e3741edbe89fef0\"},\"headline\":\"Wie halten Sie ihr Pferd auch in den Wintermonaten in optimaler Verfassung?\",\"datePublished\":\"2023-10-30T14:54:51+00:00\",\"dateModified\":\"2026-04-08T11:48:55+00:00\",\"mainEntityOfPage\":{\"@id\":\"https:\\\/\\\/cavalor.com\\\/de\\\/artikel\\\/wie-halten-sie-ihr-pferd-auch-in-den-wintermonaten-in-optimaler-verfassung\\\/\"},\"wordCount\":1731,\"commentCount\":0,\"publisher\":{\"@id\":\"https:\\\/\\\/cavalor.com\\\/de\\\/#organization\"},\"image\":{\"@id\":\"https:\\\/\\\/cavalor.com\\\/de\\\/artikel\\\/wie-halten-sie-ihr-pferd-auch-in-den-wintermonaten-in-optimaler-verfassung\\\/#primaryimage\"},\"thumbnailUrl\":\"https:\\\/\\\/cavalor.com\\\/wp-content\\\/uploads\\\/2023\\\/10\\\/winter-condition-1.jpg\",\"inLanguage\":\"de-DE\",\"potentialAction\":[{\"@type\":\"CommentAction\",\"name\":\"Comment\",\"target\":[\"https:\\\/\\\/cavalor.com\\\/de\\\/artikel\\\/wie-halten-sie-ihr-pferd-auch-in-den-wintermonaten-in-optimaler-verfassung\\\/#respond\"]}]},{\"@type\":\"WebPage\",\"@id\":\"https:\\\/\\\/cavalor.com\\\/de\\\/artikel\\\/wie-halten-sie-ihr-pferd-auch-in-den-wintermonaten-in-optimaler-verfassung\\\/\",\"url\":\"https:\\\/\\\/cavalor.com\\\/de\\\/artikel\\\/wie-halten-sie-ihr-pferd-auch-in-den-wintermonaten-in-optimaler-verfassung\\\/\",\"name\":\"Cavalor articles - Read more about nutrition and health\",\"isPartOf\":{\"@id\":\"https:\\\/\\\/cavalor.com\\\/de\\\/#website\"},\"primaryImageOfPage\":{\"@id\":\"https:\\\/\\\/cavalor.com\\\/de\\\/artikel\\\/wie-halten-sie-ihr-pferd-auch-in-den-wintermonaten-in-optimaler-verfassung\\\/#primaryimage\"},\"image\":{\"@id\":\"https:\\\/\\\/cavalor.com\\\/de\\\/artikel\\\/wie-halten-sie-ihr-pferd-auch-in-den-wintermonaten-in-optimaler-verfassung\\\/#primaryimage\"},\"thumbnailUrl\":\"https:\\\/\\\/cavalor.com\\\/wp-content\\\/uploads\\\/2023\\\/10\\\/winter-condition-1.jpg\",\"datePublished\":\"2023-10-30T14:54:51+00:00\",\"dateModified\":\"2026-04-08T11:48:55+00:00\",\"description\":\"Korte dagen, lagere temperaturen, grauw en nat: het is weer wintertijd! Zeg eens eerlijk: pas jij het management van je paard aan op de seizoenen?\",\"breadcrumb\":{\"@id\":\"https:\\\/\\\/cavalor.com\\\/de\\\/artikel\\\/wie-halten-sie-ihr-pferd-auch-in-den-wintermonaten-in-optimaler-verfassung\\\/#breadcrumb\"},\"inLanguage\":\"de-DE\",\"potentialAction\":[{\"@type\":\"ReadAction\",\"target\":[\"https:\\\/\\\/cavalor.com\\\/de\\\/artikel\\\/wie-halten-sie-ihr-pferd-auch-in-den-wintermonaten-in-optimaler-verfassung\\\/\"]}]},{\"@type\":\"ImageObject\",\"inLanguage\":\"de-DE\",\"@id\":\"https:\\\/\\\/cavalor.com\\\/de\\\/artikel\\\/wie-halten-sie-ihr-pferd-auch-in-den-wintermonaten-in-optimaler-verfassung\\\/#primaryimage\",\"url\":\"https:\\\/\\\/cavalor.com\\\/wp-content\\\/uploads\\\/2023\\\/10\\\/winter-condition-1.jpg\",\"contentUrl\":\"https:\\\/\\\/cavalor.com\\\/wp-content\\\/uploads\\\/2023\\\/10\\\/winter-condition-1.jpg\",\"width\":1200,\"height\":800},{\"@type\":\"BreadcrumbList\",\"@id\":\"https:\\\/\\\/cavalor.com\\\/de\\\/artikel\\\/wie-halten-sie-ihr-pferd-auch-in-den-wintermonaten-in-optimaler-verfassung\\\/#breadcrumb\",\"itemListElement\":[{\"@type\":\"ListItem\",\"position\":1,\"name\":\"Home\",\"item\":\"https:\\\/\\\/cavalor.com\\\/de\\\/\"},{\"@type\":\"ListItem\",\"position\":2,\"name\":\"Articles\",\"item\":\"https:\\\/\\\/cavalor.com\\\/de\\\/artikel\\\/\"},{\"@type\":\"ListItem\",\"position\":3,\"name\":\"Wie halten Sie ihr Pferd auch in den Wintermonaten in optimaler Verfassung?\"}]},{\"@type\":\"WebSite\",\"@id\":\"https:\\\/\\\/cavalor.com\\\/de\\\/#website\",\"url\":\"https:\\\/\\\/cavalor.com\\\/de\\\/\",\"name\":\"Cavalor\",\"description\":\"Nutrition for horses\",\"publisher\":{\"@id\":\"https:\\\/\\\/cavalor.com\\\/de\\\/#organization\"},\"potentialAction\":[{\"@type\":\"SearchAction\",\"target\":{\"@type\":\"EntryPoint\",\"urlTemplate\":\"https:\\\/\\\/cavalor.com\\\/de\\\/?s={search_term_string}\"},\"query-input\":{\"@type\":\"PropertyValueSpecification\",\"valueRequired\":true,\"valueName\":\"search_term_string\"}}],\"inLanguage\":\"de-DE\"},{\"@type\":\"Organization\",\"@id\":\"https:\\\/\\\/cavalor.com\\\/de\\\/#organization\",\"name\":\"Cavalor\",\"url\":\"https:\\\/\\\/cavalor.com\\\/de\\\/\",\"logo\":{\"@type\":\"ImageObject\",\"inLanguage\":\"de-DE\",\"@id\":\"https:\\\/\\\/cavalor.com\\\/de\\\/#\\\/schema\\\/logo\\\/image\\\/\",\"url\":\"https:\\\/\\\/cavalor.com\\\/wp-content\\\/uploads\\\/2025\\\/03\\\/cavalor-logo.png\",\"contentUrl\":\"https:\\\/\\\/cavalor.com\\\/wp-content\\\/uploads\\\/2025\\\/03\\\/cavalor-logo.png\",\"width\":696,\"height\":696,\"caption\":\"Cavalor\"},\"image\":{\"@id\":\"https:\\\/\\\/cavalor.com\\\/de\\\/#\\\/schema\\\/logo\\\/image\\\/\"},\"sameAs\":[\"https:\\\/\\\/www.facebook.com\\\/yourcavalor\",\"https:\\\/\\\/x.com\\\/cavalor\",\"https:\\\/\\\/nl.linkedin.com\\\/company\\\/cavalor\",\"https:\\\/\\\/www.youtube.com\\\/user\\\/CavalorVideo\"],\"description\":\"From the first steps in the world of equestrian sport to the ultimate partnership of horse and rider: we are here to accompany you on your journey. We assist you in making the right feed decisions to bring out the best in you and your horse. Not as a quick fix, but with a view to the horizon. We\u2019re committed to good health inside and out. Our products are created to meet the needs of your horse in any sport, any phase of life, and any specific requirements. Ambition is what drives us and makes us grow. All of us. At Cavalor, we challenge ourselves to gain more knowledge and improve continuously. That\u2019s how we develop our products; every product is borne of a rational and unique view on equine feeding and care \u2013 supported by scientific research and driven by the desire for the health of the horse and the meeting of its needs.\",\"email\":\"info@cavalor.com\",\"telephone\":\"+32 (0)9 220 25 25\"},{\"@type\":\"Person\",\"@id\":\"https:\\\/\\\/cavalor.com\\\/de\\\/#\\\/schema\\\/person\\\/2756bf46b8123bde5e3741edbe89fef0\",\"name\":\"Jo-Ann Vandermeiren\",\"image\":{\"@type\":\"ImageObject\",\"inLanguage\":\"de-DE\",\"@id\":\"https:\\\/\\\/secure.gravatar.com\\\/avatar\\\/e40f27c71f3350219d52349ad4019de7d124d1f5cffab4240448b99d2b47b379?s=96&d=mm&r=g\",\"url\":\"https:\\\/\\\/secure.gravatar.com\\\/avatar\\\/e40f27c71f3350219d52349ad4019de7d124d1f5cffab4240448b99d2b47b379?s=96&d=mm&r=g\",\"contentUrl\":\"https:\\\/\\\/secure.gravatar.com\\\/avatar\\\/e40f27c71f3350219d52349ad4019de7d124d1f5cffab4240448b99d2b47b379?s=96&d=mm&r=g\",\"caption\":\"Jo-Ann Vandermeiren\"},\"url\":\"https:\\\/\\\/cavalor.com\\\/de\\\/author\\\/joann\\\/\"}]}<\/script>\n<!-- \/ Yoast SEO Premium plugin. -->","yoast_head_json":{"title":"Cavalor articles - Read more about nutrition and health","description":"Korte dagen, lagere temperaturen, grauw en nat: het is weer wintertijd! Zeg eens eerlijk: pas jij het management van je paard aan op de seizoenen?","robots":{"index":"index","follow":"follow","max-snippet":"max-snippet:-1","max-image-preview":"max-image-preview:large","max-video-preview":"max-video-preview:-1"},"canonical":"https:\/\/cavalor.com\/de\/artikel\/wie-halten-sie-ihr-pferd-auch-in-den-wintermonaten-in-optimaler-verfassung\/","og_locale":"de_DE","og_type":"article","og_title":"Wie halten Sie ihr Pferd auch in den Wintermonaten in optimaler Verfassung?","og_description":"Korte dagen, lagere temperaturen, grauw en nat: het is weer wintertijd! Zeg eens eerlijk: pas jij het management van je paard aan op de seizoenen?","og_url":"https:\/\/cavalor.com\/de\/artikel\/wie-halten-sie-ihr-pferd-auch-in-den-wintermonaten-in-optimaler-verfassung\/","og_site_name":"Cavalor","article_publisher":"https:\/\/www.facebook.com\/yourcavalor","article_modified_time":"2026-04-08T11:48:55+00:00","og_image":[{"width":1200,"height":800,"url":"https:\/\/cavalor.com\/wp-content\/uploads\/2023\/10\/winter-condition-1.jpg","type":"image\/jpeg"}],"twitter_card":"summary_large_image","twitter_site":"@cavalor","twitter_misc":{"Gesch\u00e4tzte Lesezeit":"8 Minuten"},"schema":{"@context":"https:\/\/schema.org","@graph":[{"@type":"Article","@id":"https:\/\/cavalor.com\/de\/artikel\/wie-halten-sie-ihr-pferd-auch-in-den-wintermonaten-in-optimaler-verfassung\/#article","isPartOf":{"@id":"https:\/\/cavalor.com\/de\/artikel\/wie-halten-sie-ihr-pferd-auch-in-den-wintermonaten-in-optimaler-verfassung\/"},"author":{"name":"Jo-Ann Vandermeiren","@id":"https:\/\/cavalor.com\/de\/#\/schema\/person\/2756bf46b8123bde5e3741edbe89fef0"},"headline":"Wie halten Sie ihr Pferd auch in den Wintermonaten in optimaler Verfassung?","datePublished":"2023-10-30T14:54:51+00:00","dateModified":"2026-04-08T11:48:55+00:00","mainEntityOfPage":{"@id":"https:\/\/cavalor.com\/de\/artikel\/wie-halten-sie-ihr-pferd-auch-in-den-wintermonaten-in-optimaler-verfassung\/"},"wordCount":1731,"commentCount":0,"publisher":{"@id":"https:\/\/cavalor.com\/de\/#organization"},"image":{"@id":"https:\/\/cavalor.com\/de\/artikel\/wie-halten-sie-ihr-pferd-auch-in-den-wintermonaten-in-optimaler-verfassung\/#primaryimage"},"thumbnailUrl":"https:\/\/cavalor.com\/wp-content\/uploads\/2023\/10\/winter-condition-1.jpg","inLanguage":"de-DE","potentialAction":[{"@type":"CommentAction","name":"Comment","target":["https:\/\/cavalor.com\/de\/artikel\/wie-halten-sie-ihr-pferd-auch-in-den-wintermonaten-in-optimaler-verfassung\/#respond"]}]},{"@type":"WebPage","@id":"https:\/\/cavalor.com\/de\/artikel\/wie-halten-sie-ihr-pferd-auch-in-den-wintermonaten-in-optimaler-verfassung\/","url":"https:\/\/cavalor.com\/de\/artikel\/wie-halten-sie-ihr-pferd-auch-in-den-wintermonaten-in-optimaler-verfassung\/","name":"Cavalor articles - Read more about nutrition and health","isPartOf":{"@id":"https:\/\/cavalor.com\/de\/#website"},"primaryImageOfPage":{"@id":"https:\/\/cavalor.com\/de\/artikel\/wie-halten-sie-ihr-pferd-auch-in-den-wintermonaten-in-optimaler-verfassung\/#primaryimage"},"image":{"@id":"https:\/\/cavalor.com\/de\/artikel\/wie-halten-sie-ihr-pferd-auch-in-den-wintermonaten-in-optimaler-verfassung\/#primaryimage"},"thumbnailUrl":"https:\/\/cavalor.com\/wp-content\/uploads\/2023\/10\/winter-condition-1.jpg","datePublished":"2023-10-30T14:54:51+00:00","dateModified":"2026-04-08T11:48:55+00:00","description":"Korte dagen, lagere temperaturen, grauw en nat: het is weer wintertijd! Zeg eens eerlijk: pas jij het management van je paard aan op de seizoenen?","breadcrumb":{"@id":"https:\/\/cavalor.com\/de\/artikel\/wie-halten-sie-ihr-pferd-auch-in-den-wintermonaten-in-optimaler-verfassung\/#breadcrumb"},"inLanguage":"de-DE","potentialAction":[{"@type":"ReadAction","target":["https:\/\/cavalor.com\/de\/artikel\/wie-halten-sie-ihr-pferd-auch-in-den-wintermonaten-in-optimaler-verfassung\/"]}]},{"@type":"ImageObject","inLanguage":"de-DE","@id":"https:\/\/cavalor.com\/de\/artikel\/wie-halten-sie-ihr-pferd-auch-in-den-wintermonaten-in-optimaler-verfassung\/#primaryimage","url":"https:\/\/cavalor.com\/wp-content\/uploads\/2023\/10\/winter-condition-1.jpg","contentUrl":"https:\/\/cavalor.com\/wp-content\/uploads\/2023\/10\/winter-condition-1.jpg","width":1200,"height":800},{"@type":"BreadcrumbList","@id":"https:\/\/cavalor.com\/de\/artikel\/wie-halten-sie-ihr-pferd-auch-in-den-wintermonaten-in-optimaler-verfassung\/#breadcrumb","itemListElement":[{"@type":"ListItem","position":1,"name":"Home","item":"https:\/\/cavalor.com\/de\/"},{"@type":"ListItem","position":2,"name":"Articles","item":"https:\/\/cavalor.com\/de\/artikel\/"},{"@type":"ListItem","position":3,"name":"Wie halten Sie ihr Pferd auch in den Wintermonaten in optimaler Verfassung?"}]},{"@type":"WebSite","@id":"https:\/\/cavalor.com\/de\/#website","url":"https:\/\/cavalor.com\/de\/","name":"Cavalor","description":"Nutrition for horses","publisher":{"@id":"https:\/\/cavalor.com\/de\/#organization"},"potentialAction":[{"@type":"SearchAction","target":{"@type":"EntryPoint","urlTemplate":"https:\/\/cavalor.com\/de\/?s={search_term_string}"},"query-input":{"@type":"PropertyValueSpecification","valueRequired":true,"valueName":"search_term_string"}}],"inLanguage":"de-DE"},{"@type":"Organization","@id":"https:\/\/cavalor.com\/de\/#organization","name":"Cavalor","url":"https:\/\/cavalor.com\/de\/","logo":{"@type":"ImageObject","inLanguage":"de-DE","@id":"https:\/\/cavalor.com\/de\/#\/schema\/logo\/image\/","url":"https:\/\/cavalor.com\/wp-content\/uploads\/2025\/03\/cavalor-logo.png","contentUrl":"https:\/\/cavalor.com\/wp-content\/uploads\/2025\/03\/cavalor-logo.png","width":696,"height":696,"caption":"Cavalor"},"image":{"@id":"https:\/\/cavalor.com\/de\/#\/schema\/logo\/image\/"},"sameAs":["https:\/\/www.facebook.com\/yourcavalor","https:\/\/x.com\/cavalor","https:\/\/nl.linkedin.com\/company\/cavalor","https:\/\/www.youtube.com\/user\/CavalorVideo"],"description":"From the first steps in the world of equestrian sport to the ultimate partnership of horse and rider: we are here to accompany you on your journey. We assist you in making the right feed decisions to bring out the best in you and your horse. Not as a quick fix, but with a view to the horizon. We\u2019re committed to good health inside and out. Our products are created to meet the needs of your horse in any sport, any phase of life, and any specific requirements. Ambition is what drives us and makes us grow. All of us. At Cavalor, we challenge ourselves to gain more knowledge and improve continuously. That\u2019s how we develop our products; every product is borne of a rational and unique view on equine feeding and care \u2013 supported by scientific research and driven by the desire for the health of the horse and the meeting of its needs.","email":"info@cavalor.com","telephone":"+32 (0)9 220 25 25"},{"@type":"Person","@id":"https:\/\/cavalor.com\/de\/#\/schema\/person\/2756bf46b8123bde5e3741edbe89fef0","name":"Jo-Ann Vandermeiren","image":{"@type":"ImageObject","inLanguage":"de-DE","@id":"https:\/\/secure.gravatar.com\/avatar\/e40f27c71f3350219d52349ad4019de7d124d1f5cffab4240448b99d2b47b379?s=96&d=mm&r=g","url":"https:\/\/secure.gravatar.com\/avatar\/e40f27c71f3350219d52349ad4019de7d124d1f5cffab4240448b99d2b47b379?s=96&d=mm&r=g","contentUrl":"https:\/\/secure.gravatar.com\/avatar\/e40f27c71f3350219d52349ad4019de7d124d1f5cffab4240448b99d2b47b379?s=96&d=mm&r=g","caption":"Jo-Ann Vandermeiren"},"url":"https:\/\/cavalor.com\/de\/author\/joann\/"}]}},"_links":{"self":[{"href":"https:\/\/cavalor.com\/de\/wp-json\/wp\/v2\/articles\/22137","targetHints":{"allow":["GET"]}}],"collection":[{"href":"https:\/\/cavalor.com\/de\/wp-json\/wp\/v2\/articles"}],"about":[{"href":"https:\/\/cavalor.com\/de\/wp-json\/wp\/v2\/types\/articles"}],"author":[{"embeddable":true,"href":"https:\/\/cavalor.com\/de\/wp-json\/wp\/v2\/users\/3774"}],"replies":[{"embeddable":true,"href":"https:\/\/cavalor.com\/de\/wp-json\/wp\/v2\/comments?post=22137"}],"version-history":[{"count":1,"href":"https:\/\/cavalor.com\/de\/wp-json\/wp\/v2\/articles\/22137\/revisions"}],"predecessor-version":[{"id":166478,"href":"https:\/\/cavalor.com\/de\/wp-json\/wp\/v2\/articles\/22137\/revisions\/166478"}],"wp:featuredmedia":[{"embeddable":true,"href":"https:\/\/cavalor.com\/de\/wp-json\/wp\/v2\/media\/118968"}],"wp:attachment":[{"href":"https:\/\/cavalor.com\/de\/wp-json\/wp\/v2\/media?parent=22137"}],"wp:term":[{"taxonomy":"main-structure","embeddable":true,"href":"https:\/\/cavalor.com\/de\/wp-json\/wp\/v2\/main-structure?post=22137"},{"taxonomy":"reference-activation","embeddable":true,"href":"https:\/\/cavalor.com\/de\/wp-json\/wp\/v2\/reference-activation?post=22137"},{"taxonomy":"search-archive","embeddable":true,"href":"https:\/\/cavalor.com\/de\/wp-json\/wp\/v2\/search-archive?post=22137"},{"taxonomy":"bezorgdheden","embeddable":true,"href":"https:\/\/cavalor.com\/de\/wp-json\/wp\/v2\/bezorgdheden?post=22137"},{"taxonomy":"general-category","embeddable":true,"href":"https:\/\/cavalor.com\/de\/wp-json\/wp\/v2\/general-category?post=22137"},{"taxonomy":"_hot_topics","embeddable":true,"href":"https:\/\/cavalor.com\/de\/wp-json\/wp\/v2\/_hot_topics?post=22137"}],"curies":[{"name":"wp","href":"https:\/\/api.w.org\/{rel}","templated":true}]}}