{"id":72465,"date":"2023-10-13T14:06:32","date_gmt":"2023-10-13T12:06:32","guid":{"rendered":"https:\/\/cavalor.com\/?post_type=articles&#038;p=72465"},"modified":"2026-04-08T13:53:33","modified_gmt":"2026-04-08T11:53:33","slug":"auf-die-plaetze-fertig-winter-steht-vor-der-tuer","status":"publish","type":"articles","link":"https:\/\/cavalor.com\/de\/artikel\/auf-die-plaetze-fertig-winter-steht-vor-der-tuer\/","title":{"rendered":"Auf die Pl\u00e4tze, fertig&#8230; Winter steht vor der T\u00fcr!"},"content":{"rendered":"\n<h6 class=\"wp-block-heading\" id=\"h-die-tage-werden-kurzer-und-kurzer-das-fell-dicker-und-die-temperaturen-sinken-rapide-der-winter-steht-vor-der-tur-das-bringt-fur-sie-als-pferdebesitzer-viele-herausforderungen-mit-sich-wie-bleibt-mein-pferd-am-besten-warm-wie-sorge-ich-fur-optimale-beluftung-jetzt-da-die-pferde-mehr-im-stall-stehen-naturlich-gibt-es-auch-viele-turnierreiter-die-mit-ihren-pferden-in-den-suden-europas-fahren-um-die-beruhmten-touren-zu-reiten-in-diesem-blog-erzahlen-wir-ihnen-alles-uber-den-winter-seine-herausforderungen-und-vor-allem-die-losungen\">Die Tage werden k\u00fcrzer und k\u00fcrzer, das Fell dicker und die Temperaturen sinken rapide: der Winter steht vor der T\u00fcr! Das bringt f\u00fcr Sie als Pferdebesitzer viele Herausforderungen mit sich. Wie bleibt mein Pferd am besten warm? Wie sorge ich f\u00fcr optimale Bel\u00fcftung, jetzt, da die Pferde mehr im Stall stehen? Nat\u00fcrlich gibt es auch viele Turnierreiter, die mit ihren Pferden in den S\u00fcden Europas fahren, um die ber\u00fchmten Touren zu reiten. In diesem Blog erz\u00e4hlen wir Ihnen alles \u00fcber den Winter, seine Herausforderungen und vor allem die L\u00f6sungen.<\/h6>\n\n\n\n<p>Wir wissen nur zu gut, was Winter bedeutet, doch was bedeutet er f\u00fcr unsere Pferde? Es ist die k\u00e4lteste Zeit des Jahres. Das ist \u00fcberall auf der Welt anders, aber in Europa ist zwischen Dezember und M\u00e4rz Winter. Nicht nur der Zeitpunkt des Winters ist weltweit unterschiedlich, in Kanada ist es beispielsweise anders kalt als in Belgien. Wir unterscheiden zwischen einem kalten Klima (zwischen -15 \u00b0C und 10 \u00b0C) und einem gem\u00e4\u00dfigten Klima (zwischen 5 \u00b0C und 25 \u00b0C). Es macht auch einen Unterschied, ob es sich um ein Fohlen oder ein erwachsenes Pferd handelt. Ein Fohlen kann sich logischerweise nicht so gut warmhalten, wenn es kalt ist.<\/p>\n\n\n\n<figure class=\"wp-block-pullquote\"><blockquote><p>\u00dcberall auf der Welt ist der Winter anders<\/p><\/blockquote><\/figure>\n\n\n\n<p>Es ist wichtig zu wissen, dass der Body Condition Score Ihres Pferdes auch seine K\u00f6rpertemperatur beeinflusst. Ein zu d\u00fcnnes Pferd hat Probleme, seine K\u00f6rpertemperatur zu halten. Ein solches Pferd f\u00fchlt sich in einer warmen Umgebung wohler. Ein Pferd, das zu d\u00fcnn ist, braucht alles an Energie, die es bekommen kann, um in Form zu bleiben. Die zus\u00e4tzliche Energie, die es dann ben\u00f6tigt, sich warmzuhalten, ist dann nur in sehr begrenztem Ma\u00dfe verf\u00fcgbar. In der Regel verliert jedes Pferd im Winter ein wenig an Gewicht. Ein Pferd mit einem gesunden Gewicht (BCS von 5 &#8211; 6 auf der Henneke-Skala) hat bei k\u00e4lteren Temperaturen keine Probleme.<\/p>\n\n\n\n<p>Sehen Sie sich unser Video \u00fcber das BCS an:<\/p>\n\n\n\n<figure class=\"wp-block-embed is-type-video is-provider-youtube wp-block-embed-youtube wp-embed-aspect-16-9 wp-has-aspect-ratio\"><div class=\"wp-block-embed__wrapper\">\n<iframe title=\"Wie bestimmen Sie den Body Condition Score Ihres Pferdes?\" width=\"800\" height=\"450\" src=\"https:\/\/www.youtube.com\/embed\/qt4YzewndCQ?feature=oembed&#038;enablejsapi=1&#038;origin=https:\/\/cavalor.com\" frameborder=\"0\" allow=\"accelerometer; autoplay; clipboard-write; encrypted-media; gyroscope; picture-in-picture; web-share\" referrerpolicy=\"strict-origin-when-cross-origin\" allowfullscreen><\/iframe>\n<\/div><\/figure>\n\n\n\n<h5 class=\"wp-block-heading\">F\u00fcttern f\u00fcr eine gute K\u00f6rpertemperatur<\/h5>\n\n\n\n<p>In der nachstehenden Abbildung sehen Sie, warum die Energie eines Pferdes so wichtig ist. Befindet sich ein Pferd in der thermoneutralen Zone, ben\u00f6tigt es keine Energie, seine K\u00f6rpertemperatur zu halten. Sobald es k\u00e4lter wird, ben\u00f6tigt es mehr Energie, die Temperatur zu halten. Man kann sagen, dass es nur dann kalt ist, wenn das Pferd Energie aufwenden muss, um sich warm zu halten. Die beste Strategie, um das Pferd auf Temperatur zu halten (sowohl in Innenbereichen als auch im Freien) ist das F\u00fcttern von Raufutter. Bei der Verdauung von Fasern entsteht W\u00e4rme. Als Zusatzfutter k\u00f6nnen Sie auch warmes Mash in Erw\u00e4gung ziehen.<\/p>\n\n\n\n<figure class=\"wp-block-image size-full is-resized\"><img fetchpriority=\"high\" decoding=\"async\" width=\"737\" height=\"291\" src=\"https:\/\/cavalor.com\/wp-content\/uploads\/2021\/12\/Tekengebied-3-1.png\" alt=\"\" class=\"wp-image-72519\" style=\"width:457px;height:181px\" srcset=\"https:\/\/cavalor.com\/wp-content\/uploads\/2021\/12\/Tekengebied-3-1.png 737w, https:\/\/cavalor.com\/wp-content\/uploads\/2021\/12\/Tekengebied-3-1-600x237.png 600w, https:\/\/cavalor.com\/wp-content\/uploads\/2021\/12\/Tekengebied-3-1-300x118.png 300w\" sizes=\"(max-width: 737px) 100vw, 737px\" \/><\/figure>\n\n\n\n<h5 class=\"wp-block-heading\">Omega 3 und 6<\/h5>\n\n\n\n<p>Heutzutage kommen sowohl Jungpferde als auch Zuchtstuten im Winter in den Stall und haben dort unbegrenzt Zugang zu Raufutter. Vor allem f\u00fcr Pferde, die es gewohnt sind, in den milderen Jahreszeiten rund um die Uhr auf der Koppel zu sein, ist das kein \u00fcbertriebener Luxus. Das unverarbeitete Raufutter h\u00e4lt das Verdauungssystem in st\u00e4ndiger Bewegung. Bitte beachten Sie, dass Raufutter allein niemals ausreichend ist. Obwohl das Pferd gen\u00fcgend Energie erh\u00e4lt, fehlen ihm die Vitamine und Mineralstoffe, die es aus frischem Gras bekommt. Au\u00dferdem wird der Bedarf an Omega 3- und Omega 6-Fetts\u00e4uren durch Raufutter allein nicht gedeckt. Omega 3- und -6-Fetts\u00e4uren sind essentielle Fetts\u00e4uren. Das hei\u00dft, dass der K\u00f6rper diese Stoffe ben\u00f6tigt, sie aber nicht selbst herstellen kann. Die Fetts\u00e4uren m\u00fcssen daher \u00fcber die Futterration aufgenommen werden. Dies ist nicht nur f\u00fcr Zuchtstuten und Jungpferde wichtig, sondern f\u00fcr alle Pferde, die im Winter mehr Zeit im Stall verbringen.<\/p>\n\n\n\n<figure class=\"wp-block-pullquote\"><blockquote><p>Omega 3 &amp; 6 werden nicht vom K\u00f6rper produziert<\/p><\/blockquote><\/figure>\n\n\n\n<p>Wenn Pferde jedoch vor allem in Boxen untergebracht sind, haben sie oft eine geringere Aufnahme von Omega-3-Fetts\u00e4uren, dadurch, dass der Koppelgang fehlt oder nicht m\u00f6glich ist. Es ist wichtig, dass das Verh\u00e4ltnis zwischen Omega 3- und Omega 6-Fetts\u00e4uren ausgewogen bleibt. Wenn das Verh\u00e4ltnis zwischen Omega-3 und Omega-6 gut ist, kann das Pferd automatisch ausreichend Omega-9 produzieren.<\/p>\n\n\n\n<p>Ein ausgewogenes Verh\u00e4ltnis von Omega 3- und 6-Fetts\u00e4uren hat nicht nur eine positive Wirkung auf das Immunsystem, sondern auch auf die allgemeine Gesundheit des Pferdes. Eine Unausgewogenheit zwischen diesen Fetts\u00e4uren kann mit Entz\u00fcndungen, schlechtem Fell, verminderter Widerstandskraft und geringerer Fruchtbarkeit einhergehen.<\/p>\n\n\n\n<h5 class=\"wp-block-heading\">Abwehrkr\u00e4fte haben immer Priorit\u00e4t<\/h5>\n\n\n\n<p>Pferde werden nicht von K\u00e4lte krank, sie k\u00f6nnen jedoch dann erkranken, wenn ihre Abwehrkr\u00e4fte abnehmen. Genau wie beim Menschen kann das Immunsystem von Pferden im Winter reduzierter arbeiten. Das viele im Stall sehen hat einen Einfluss, aber auch Temperaturschwankungen k\u00f6nnen dazu f\u00fchren, dass die Abwehrkr\u00e4fte Ihres Pferdes nicht so hoch sind, wie sie sich das gerne w\u00fcnschen.<\/p>\n\n\n\n<h5 class=\"wp-block-heading\">Sollten Sie Ihr Pferd im Winter scheren?<\/h5>\n\n\n\n<p>Das Pferd im Winter zu scheren erleichtert das Leben f\u00fcr Sportpferde und Reiter. Das Pferd kann beim Training erzeugte W\u00e4rme leichter wieder abgeben. Und es wird nach dem Training schneller trocken. Doch das Scheren des Pferdes ver\u00e4ndert seine thermoneutrale Zone. Sorgen Sie daher daf\u00fcr, dass sie Ihrem Pferd nach dem Abk\u00fchlen und abh\u00e4ngig von der Au\u00dfentemperatur mit der richtigen Decke eindecken. Es ist auch zu ber\u00fccksichtigen, dass die Haut der Pferde sehr empfindlich ist. Achten Sie auf ein sauberes, weiches Fell. Und verwenden Sie pH-neutrale Produkte, um die Haut mit N\u00e4hrstoffen zu versorgen und zu sch\u00fctzen. Ein neutraler pH-Wert f\u00fcr ein Pferd liegt zwischen 7,0 und 7,4. In unserem <a href=\"https:\/\/cavalor.com\/de\/artikel\/die-5-besten-tipps-zum-scheren-deines-pferdes\/\">Artikel<\/a> finden Sie die 5 besten Tipps zum Scheren Ihres Pferdes!<\/p>\n\n\n\n<h5 class=\"wp-block-heading\">Tipps von unseren F\u00fctterungsexperten: Mit den richtigen Produkten durch den Winter<\/h5>\n\n\n\n<p>Im Winter \u00e4ndert sich viel, Ihr Pferd wechselt von frischem Gras zu Raufutter und bleibt mehr im Stall. Aus Raufutter allein erh\u00e4lt das Pferd nicht ausreichend Vitamine und Ballaststoffe. Darum ist eine Erg\u00e4nzung so wichtig. Um einen m\u00f6glichen Mangel auszugleichen, k\u00f6nnen Sie der Futterration Balancer hinzuf\u00fcgen. <a href=\"https:\/\/cavalor.com\/de\/produkte\/nutri-grow\/\">Nutri Grow<\/a> ist speziell f\u00fcr Zuchtstuten und junge Pferde geeignet. F\u00fcr Sportpferde ist <a href=\"https:\/\/cavalor.com\/de\/produkte\/nutri-plus\/\">Nutri Plus<\/a> ideal und f\u00fcr Freizeitpferde gibt es <a href=\"https:\/\/cavalor.com\/de\/produkte\/nutri-support\/\">Nutri Support<\/a>. Diese drei Produkte enthalten eine ausgewogene Mischung an Vitaminen und Mineralstoffen. Sie beinhalten alles, was das Pferd neben Raufutter ben\u00f6tigt. Tr\u00e4chtige Stuten ben\u00f6tigen ab dem siebten Monat der Tr\u00e4chtigkeit mehr Unterst\u00fctzung. Neben zus\u00e4tzlichen Vitaminen und Mineralstoffen ben\u00f6tigt die Stute mehr Energie und Eiwei\u00df.<\/p>\n\n\n\n<p><a href=\"https:\/\/cavalor.com\/de\/strucomash-beet\/\">Cavalor Strucomash Beet<\/a> ist reich an Ballaststoffen, die ein wesentlicher Bestandteil der Ern\u00e4hrung des Pferdes sind Es enth\u00e4lt getrocknete R\u00fcbenschnitzelflocken und lange Fasern. Nach 60 Minuten Einweichen k\u00f6nnen Sie es f\u00fcttern. Es dient Ihrem Pferd in den Wintermonaten au\u00dferdem als toller Leckerbissen.<\/p>\n\n\n\n<p>Abwehrkr\u00e4fte sind uns bei Cavalor wichtig, und wir wissen auch, dass gute Abwehrkr\u00e4fte nicht immer selbstverst\u00e4ndlich sind. Daher haben wir Produkte entwickelt, die Ihr Pferd unterst\u00fctzen k\u00f6nnen. <a href=\"https:\/\/cavalor.com\/de\/oilmega\/\">OilMega <\/a>sorgt f\u00fcr ein von innen heraus gesundes Pferd. Seine Omega-3, -6, und -9-Fetts\u00e4uren sorgen, gemeinsam mit dem darin enthaltenen nat\u00fcrlichen Antibiotikum, f\u00fcr eine gesunde Darmflora und eine zus\u00e4tzliche Unterst\u00fctzung des Immunsystems.<br><br>Ist das Immunsystem Ihres Pferdes bereits geschw\u00e4cht? Haben Sie ein \u00e4lteres Pferd, reisen Sie viel oder wurde Ihr Pferd gerade geimpft? Dann k\u00f6nnte auch eine Erg\u00e4nzung erforderlich sein. <a href=\"https:\/\/cavalor.com\/de\/produkte\/resist-vit-c\/\">Resist + Vit C<\/a> ist ein Pulver, das den Aufbau des Immunsystems durch eine Mischung aus Antioxidantien, Kr\u00e4uterextrakten und \u00e4therischen \u00d6len unterst\u00fctzt. Eine Kombination aus mehreren Antioxidantien ist wirksamer als eine hohe Dosis eines Antioxidans, da jedes Antioxidans eine andere Wirkung hat.<\/p>\n\n\n\n<p><\/p>\n","protected":false},"excerpt":{"rendered":"<p>Die Tage werden k\u00fcrzer und k\u00fcrzer, das Fell dicker und die Temperaturen sinken rapide: der Winter steht vor der T\u00fcr! Das bringt f\u00fcr Sie als Pferdebesitzer viele Herausforderungen mit sich. Wie bleibt mein Pferd am besten warm? Wie sorge ich f\u00fcr optimale Bel\u00fcftung, jetzt, da die Pferde mehr im Stall stehen? Nat\u00fcrlich gibt es auch [&hellip;]<\/p>\n","protected":false},"author":1009,"featured_media":118879,"comment_status":"closed","ping_status":"closed","template":"","main-structure":[],"reference-activation":[],"search-archive":[494],"bezorgdheden":[263,266,338],"general-category":[414,416],"_hot_topics":[436,440,446,448,593],"class_list":["post-72465","articles","type-articles","status-publish","has-post-thumbnail","hentry","_hot_topics-fuetterung","_hot_topics-herbst","_hot_topics-versorgung","_hot_topics-abwehrkrafte","_hot_topics-winter-de"],"yoast_head":"<!-- This site is optimized with the Yoast SEO Premium plugin v27.4 (Yoast SEO v27.4) - https:\/\/yoast.com\/product\/yoast-seo-premium-wordpress\/ -->\n<title>Cavalor articles - Read more about nutrition and health<\/title>\n<meta name=\"description\" content=\"Die Tage werden immer k\u00fcrzer, die Haare l\u00e4nger und die Temperaturen sinken schnell: Der Winter kommt!\" \/>\n<meta name=\"robots\" content=\"index, follow, max-snippet:-1, max-image-preview:large, max-video-preview:-1\" \/>\n<link rel=\"canonical\" href=\"https:\/\/cavalor.com\/de\/artikel\/auf-die-plaetze-fertig-winter-steht-vor-der-tuer\/\" \/>\n<meta property=\"og:locale\" content=\"de_DE\" \/>\n<meta property=\"og:type\" content=\"article\" \/>\n<meta property=\"og:title\" content=\"Auf die Pl\u00e4tze, fertig... Winter steht vor der T\u00fcr!\" \/>\n<meta property=\"og:description\" content=\"Die Tage werden immer k\u00fcrzer, die Haare l\u00e4nger und die Temperaturen sinken schnell: Der Winter kommt!\" \/>\n<meta property=\"og:url\" content=\"https:\/\/cavalor.com\/de\/artikel\/auf-die-plaetze-fertig-winter-steht-vor-der-tuer\/\" \/>\n<meta property=\"og:site_name\" content=\"Cavalor\" \/>\n<meta property=\"article:publisher\" content=\"https:\/\/www.facebook.com\/yourcavalor\" \/>\n<meta property=\"article:modified_time\" content=\"2026-04-08T11:53:33+00:00\" \/>\n<meta property=\"og:image\" content=\"https:\/\/cavalor.com\/wp-content\/uploads\/2021\/12\/winter-1.jpg\" \/>\n\t<meta property=\"og:image:width\" content=\"1200\" \/>\n\t<meta property=\"og:image:height\" content=\"800\" \/>\n\t<meta property=\"og:image:type\" content=\"image\/jpeg\" \/>\n<meta name=\"twitter:card\" content=\"summary_large_image\" \/>\n<meta name=\"twitter:site\" content=\"@cavalor\" \/>\n<meta name=\"twitter:label1\" content=\"Gesch\u00e4tzte Lesezeit\" \/>\n\t<meta name=\"twitter:data1\" content=\"6 Minuten\" \/>\n<script type=\"application\/ld+json\" class=\"yoast-schema-graph\">{\"@context\":\"https:\\\/\\\/schema.org\",\"@graph\":[{\"@type\":\"Article\",\"@id\":\"https:\\\/\\\/cavalor.com\\\/de\\\/artikel\\\/auf-die-plaetze-fertig-winter-steht-vor-der-tuer\\\/#article\",\"isPartOf\":{\"@id\":\"https:\\\/\\\/cavalor.com\\\/de\\\/artikel\\\/auf-die-plaetze-fertig-winter-steht-vor-der-tuer\\\/\"},\"author\":{\"name\":\"Jannah Van Overwaele\",\"@id\":\"https:\\\/\\\/cavalor.com\\\/de\\\/#\\\/schema\\\/person\\\/ef881d098b3a00614370f4f7e1ad1e6f\"},\"headline\":\"Auf die Pl\u00e4tze, fertig&#8230; Winter steht vor der T\u00fcr!\",\"datePublished\":\"2023-10-13T12:06:32+00:00\",\"dateModified\":\"2026-04-08T11:53:33+00:00\",\"mainEntityOfPage\":{\"@id\":\"https:\\\/\\\/cavalor.com\\\/de\\\/artikel\\\/auf-die-plaetze-fertig-winter-steht-vor-der-tuer\\\/\"},\"wordCount\":1288,\"publisher\":{\"@id\":\"https:\\\/\\\/cavalor.com\\\/de\\\/#organization\"},\"image\":{\"@id\":\"https:\\\/\\\/cavalor.com\\\/de\\\/artikel\\\/auf-die-plaetze-fertig-winter-steht-vor-der-tuer\\\/#primaryimage\"},\"thumbnailUrl\":\"https:\\\/\\\/cavalor.com\\\/wp-content\\\/uploads\\\/2021\\\/12\\\/winter-1.jpg\",\"inLanguage\":\"de-DE\"},{\"@type\":\"WebPage\",\"@id\":\"https:\\\/\\\/cavalor.com\\\/de\\\/artikel\\\/auf-die-plaetze-fertig-winter-steht-vor-der-tuer\\\/\",\"url\":\"https:\\\/\\\/cavalor.com\\\/de\\\/artikel\\\/auf-die-plaetze-fertig-winter-steht-vor-der-tuer\\\/\",\"name\":\"Cavalor articles - Read more about nutrition and health\",\"isPartOf\":{\"@id\":\"https:\\\/\\\/cavalor.com\\\/de\\\/#website\"},\"primaryImageOfPage\":{\"@id\":\"https:\\\/\\\/cavalor.com\\\/de\\\/artikel\\\/auf-die-plaetze-fertig-winter-steht-vor-der-tuer\\\/#primaryimage\"},\"image\":{\"@id\":\"https:\\\/\\\/cavalor.com\\\/de\\\/artikel\\\/auf-die-plaetze-fertig-winter-steht-vor-der-tuer\\\/#primaryimage\"},\"thumbnailUrl\":\"https:\\\/\\\/cavalor.com\\\/wp-content\\\/uploads\\\/2021\\\/12\\\/winter-1.jpg\",\"datePublished\":\"2023-10-13T12:06:32+00:00\",\"dateModified\":\"2026-04-08T11:53:33+00:00\",\"description\":\"Die Tage werden immer k\u00fcrzer, die Haare l\u00e4nger und die Temperaturen sinken schnell: Der Winter kommt!\",\"breadcrumb\":{\"@id\":\"https:\\\/\\\/cavalor.com\\\/de\\\/artikel\\\/auf-die-plaetze-fertig-winter-steht-vor-der-tuer\\\/#breadcrumb\"},\"inLanguage\":\"de-DE\",\"potentialAction\":[{\"@type\":\"ReadAction\",\"target\":[\"https:\\\/\\\/cavalor.com\\\/de\\\/artikel\\\/auf-die-plaetze-fertig-winter-steht-vor-der-tuer\\\/\"]}]},{\"@type\":\"ImageObject\",\"inLanguage\":\"de-DE\",\"@id\":\"https:\\\/\\\/cavalor.com\\\/de\\\/artikel\\\/auf-die-plaetze-fertig-winter-steht-vor-der-tuer\\\/#primaryimage\",\"url\":\"https:\\\/\\\/cavalor.com\\\/wp-content\\\/uploads\\\/2021\\\/12\\\/winter-1.jpg\",\"contentUrl\":\"https:\\\/\\\/cavalor.com\\\/wp-content\\\/uploads\\\/2021\\\/12\\\/winter-1.jpg\",\"width\":1200,\"height\":800},{\"@type\":\"BreadcrumbList\",\"@id\":\"https:\\\/\\\/cavalor.com\\\/de\\\/artikel\\\/auf-die-plaetze-fertig-winter-steht-vor-der-tuer\\\/#breadcrumb\",\"itemListElement\":[{\"@type\":\"ListItem\",\"position\":1,\"name\":\"Home\",\"item\":\"https:\\\/\\\/cavalor.com\\\/de\\\/\"},{\"@type\":\"ListItem\",\"position\":2,\"name\":\"Articles\",\"item\":\"https:\\\/\\\/cavalor.com\\\/de\\\/artikel\\\/\"},{\"@type\":\"ListItem\",\"position\":3,\"name\":\"Auf die Pl\u00e4tze, fertig&#8230; Winter steht vor der T\u00fcr!\"}]},{\"@type\":\"WebSite\",\"@id\":\"https:\\\/\\\/cavalor.com\\\/de\\\/#website\",\"url\":\"https:\\\/\\\/cavalor.com\\\/de\\\/\",\"name\":\"Cavalor\",\"description\":\"Nutrition for horses\",\"publisher\":{\"@id\":\"https:\\\/\\\/cavalor.com\\\/de\\\/#organization\"},\"potentialAction\":[{\"@type\":\"SearchAction\",\"target\":{\"@type\":\"EntryPoint\",\"urlTemplate\":\"https:\\\/\\\/cavalor.com\\\/de\\\/?s={search_term_string}\"},\"query-input\":{\"@type\":\"PropertyValueSpecification\",\"valueRequired\":true,\"valueName\":\"search_term_string\"}}],\"inLanguage\":\"de-DE\"},{\"@type\":\"Organization\",\"@id\":\"https:\\\/\\\/cavalor.com\\\/de\\\/#organization\",\"name\":\"Cavalor\",\"url\":\"https:\\\/\\\/cavalor.com\\\/de\\\/\",\"logo\":{\"@type\":\"ImageObject\",\"inLanguage\":\"de-DE\",\"@id\":\"https:\\\/\\\/cavalor.com\\\/de\\\/#\\\/schema\\\/logo\\\/image\\\/\",\"url\":\"https:\\\/\\\/cavalor.com\\\/wp-content\\\/uploads\\\/2025\\\/03\\\/cavalor-logo.png\",\"contentUrl\":\"https:\\\/\\\/cavalor.com\\\/wp-content\\\/uploads\\\/2025\\\/03\\\/cavalor-logo.png\",\"width\":696,\"height\":696,\"caption\":\"Cavalor\"},\"image\":{\"@id\":\"https:\\\/\\\/cavalor.com\\\/de\\\/#\\\/schema\\\/logo\\\/image\\\/\"},\"sameAs\":[\"https:\\\/\\\/www.facebook.com\\\/yourcavalor\",\"https:\\\/\\\/x.com\\\/cavalor\",\"https:\\\/\\\/nl.linkedin.com\\\/company\\\/cavalor\",\"https:\\\/\\\/www.youtube.com\\\/user\\\/CavalorVideo\"],\"description\":\"From the first steps in the world of equestrian sport to the ultimate partnership of horse and rider: we are here to accompany you on your journey. We assist you in making the right feed decisions to bring out the best in you and your horse. Not as a quick fix, but with a view to the horizon. We\u2019re committed to good health inside and out. Our products are created to meet the needs of your horse in any sport, any phase of life, and any specific requirements. Ambition is what drives us and makes us grow. All of us. At Cavalor, we challenge ourselves to gain more knowledge and improve continuously. That\u2019s how we develop our products; every product is borne of a rational and unique view on equine feeding and care \u2013 supported by scientific research and driven by the desire for the health of the horse and the meeting of its needs.\",\"email\":\"info@cavalor.com\",\"telephone\":\"+32 (0)9 220 25 25\"},{\"@type\":\"Person\",\"@id\":\"https:\\\/\\\/cavalor.com\\\/de\\\/#\\\/schema\\\/person\\\/ef881d098b3a00614370f4f7e1ad1e6f\",\"name\":\"Jannah Van Overwaele\",\"image\":{\"@type\":\"ImageObject\",\"inLanguage\":\"de-DE\",\"@id\":\"https:\\\/\\\/secure.gravatar.com\\\/avatar\\\/75ae7ec5da59ba382923e3e175275d16ef2bfe7c07930bb1afe6d46422b23b7a?s=96&d=mm&r=g\",\"url\":\"https:\\\/\\\/secure.gravatar.com\\\/avatar\\\/75ae7ec5da59ba382923e3e175275d16ef2bfe7c07930bb1afe6d46422b23b7a?s=96&d=mm&r=g\",\"contentUrl\":\"https:\\\/\\\/secure.gravatar.com\\\/avatar\\\/75ae7ec5da59ba382923e3e175275d16ef2bfe7c07930bb1afe6d46422b23b7a?s=96&d=mm&r=g\",\"caption\":\"Jannah Van Overwaele\"},\"url\":\"https:\\\/\\\/cavalor.com\\\/de\\\/author\\\/jannah\\\/\"}]}<\/script>\n<!-- \/ Yoast SEO Premium plugin. -->","yoast_head_json":{"title":"Cavalor articles - Read more about nutrition and health","description":"Die Tage werden immer k\u00fcrzer, die Haare l\u00e4nger und die Temperaturen sinken schnell: Der Winter kommt!","robots":{"index":"index","follow":"follow","max-snippet":"max-snippet:-1","max-image-preview":"max-image-preview:large","max-video-preview":"max-video-preview:-1"},"canonical":"https:\/\/cavalor.com\/de\/artikel\/auf-die-plaetze-fertig-winter-steht-vor-der-tuer\/","og_locale":"de_DE","og_type":"article","og_title":"Auf die Pl\u00e4tze, fertig... Winter steht vor der T\u00fcr!","og_description":"Die Tage werden immer k\u00fcrzer, die Haare l\u00e4nger und die Temperaturen sinken schnell: Der Winter kommt!","og_url":"https:\/\/cavalor.com\/de\/artikel\/auf-die-plaetze-fertig-winter-steht-vor-der-tuer\/","og_site_name":"Cavalor","article_publisher":"https:\/\/www.facebook.com\/yourcavalor","article_modified_time":"2026-04-08T11:53:33+00:00","og_image":[{"width":1200,"height":800,"url":"https:\/\/cavalor.com\/wp-content\/uploads\/2021\/12\/winter-1.jpg","type":"image\/jpeg"}],"twitter_card":"summary_large_image","twitter_site":"@cavalor","twitter_misc":{"Gesch\u00e4tzte Lesezeit":"6 Minuten"},"schema":{"@context":"https:\/\/schema.org","@graph":[{"@type":"Article","@id":"https:\/\/cavalor.com\/de\/artikel\/auf-die-plaetze-fertig-winter-steht-vor-der-tuer\/#article","isPartOf":{"@id":"https:\/\/cavalor.com\/de\/artikel\/auf-die-plaetze-fertig-winter-steht-vor-der-tuer\/"},"author":{"name":"Jannah Van Overwaele","@id":"https:\/\/cavalor.com\/de\/#\/schema\/person\/ef881d098b3a00614370f4f7e1ad1e6f"},"headline":"Auf die Pl\u00e4tze, fertig&#8230; Winter steht vor der T\u00fcr!","datePublished":"2023-10-13T12:06:32+00:00","dateModified":"2026-04-08T11:53:33+00:00","mainEntityOfPage":{"@id":"https:\/\/cavalor.com\/de\/artikel\/auf-die-plaetze-fertig-winter-steht-vor-der-tuer\/"},"wordCount":1288,"publisher":{"@id":"https:\/\/cavalor.com\/de\/#organization"},"image":{"@id":"https:\/\/cavalor.com\/de\/artikel\/auf-die-plaetze-fertig-winter-steht-vor-der-tuer\/#primaryimage"},"thumbnailUrl":"https:\/\/cavalor.com\/wp-content\/uploads\/2021\/12\/winter-1.jpg","inLanguage":"de-DE"},{"@type":"WebPage","@id":"https:\/\/cavalor.com\/de\/artikel\/auf-die-plaetze-fertig-winter-steht-vor-der-tuer\/","url":"https:\/\/cavalor.com\/de\/artikel\/auf-die-plaetze-fertig-winter-steht-vor-der-tuer\/","name":"Cavalor articles - Read more about nutrition and health","isPartOf":{"@id":"https:\/\/cavalor.com\/de\/#website"},"primaryImageOfPage":{"@id":"https:\/\/cavalor.com\/de\/artikel\/auf-die-plaetze-fertig-winter-steht-vor-der-tuer\/#primaryimage"},"image":{"@id":"https:\/\/cavalor.com\/de\/artikel\/auf-die-plaetze-fertig-winter-steht-vor-der-tuer\/#primaryimage"},"thumbnailUrl":"https:\/\/cavalor.com\/wp-content\/uploads\/2021\/12\/winter-1.jpg","datePublished":"2023-10-13T12:06:32+00:00","dateModified":"2026-04-08T11:53:33+00:00","description":"Die Tage werden immer k\u00fcrzer, die Haare l\u00e4nger und die Temperaturen sinken schnell: Der Winter kommt!","breadcrumb":{"@id":"https:\/\/cavalor.com\/de\/artikel\/auf-die-plaetze-fertig-winter-steht-vor-der-tuer\/#breadcrumb"},"inLanguage":"de-DE","potentialAction":[{"@type":"ReadAction","target":["https:\/\/cavalor.com\/de\/artikel\/auf-die-plaetze-fertig-winter-steht-vor-der-tuer\/"]}]},{"@type":"ImageObject","inLanguage":"de-DE","@id":"https:\/\/cavalor.com\/de\/artikel\/auf-die-plaetze-fertig-winter-steht-vor-der-tuer\/#primaryimage","url":"https:\/\/cavalor.com\/wp-content\/uploads\/2021\/12\/winter-1.jpg","contentUrl":"https:\/\/cavalor.com\/wp-content\/uploads\/2021\/12\/winter-1.jpg","width":1200,"height":800},{"@type":"BreadcrumbList","@id":"https:\/\/cavalor.com\/de\/artikel\/auf-die-plaetze-fertig-winter-steht-vor-der-tuer\/#breadcrumb","itemListElement":[{"@type":"ListItem","position":1,"name":"Home","item":"https:\/\/cavalor.com\/de\/"},{"@type":"ListItem","position":2,"name":"Articles","item":"https:\/\/cavalor.com\/de\/artikel\/"},{"@type":"ListItem","position":3,"name":"Auf die Pl\u00e4tze, fertig&#8230; Winter steht vor der T\u00fcr!"}]},{"@type":"WebSite","@id":"https:\/\/cavalor.com\/de\/#website","url":"https:\/\/cavalor.com\/de\/","name":"Cavalor","description":"Nutrition for horses","publisher":{"@id":"https:\/\/cavalor.com\/de\/#organization"},"potentialAction":[{"@type":"SearchAction","target":{"@type":"EntryPoint","urlTemplate":"https:\/\/cavalor.com\/de\/?s={search_term_string}"},"query-input":{"@type":"PropertyValueSpecification","valueRequired":true,"valueName":"search_term_string"}}],"inLanguage":"de-DE"},{"@type":"Organization","@id":"https:\/\/cavalor.com\/de\/#organization","name":"Cavalor","url":"https:\/\/cavalor.com\/de\/","logo":{"@type":"ImageObject","inLanguage":"de-DE","@id":"https:\/\/cavalor.com\/de\/#\/schema\/logo\/image\/","url":"https:\/\/cavalor.com\/wp-content\/uploads\/2025\/03\/cavalor-logo.png","contentUrl":"https:\/\/cavalor.com\/wp-content\/uploads\/2025\/03\/cavalor-logo.png","width":696,"height":696,"caption":"Cavalor"},"image":{"@id":"https:\/\/cavalor.com\/de\/#\/schema\/logo\/image\/"},"sameAs":["https:\/\/www.facebook.com\/yourcavalor","https:\/\/x.com\/cavalor","https:\/\/nl.linkedin.com\/company\/cavalor","https:\/\/www.youtube.com\/user\/CavalorVideo"],"description":"From the first steps in the world of equestrian sport to the ultimate partnership of horse and rider: we are here to accompany you on your journey. We assist you in making the right feed decisions to bring out the best in you and your horse. Not as a quick fix, but with a view to the horizon. We\u2019re committed to good health inside and out. Our products are created to meet the needs of your horse in any sport, any phase of life, and any specific requirements. Ambition is what drives us and makes us grow. All of us. At Cavalor, we challenge ourselves to gain more knowledge and improve continuously. That\u2019s how we develop our products; every product is borne of a rational and unique view on equine feeding and care \u2013 supported by scientific research and driven by the desire for the health of the horse and the meeting of its needs.","email":"info@cavalor.com","telephone":"+32 (0)9 220 25 25"},{"@type":"Person","@id":"https:\/\/cavalor.com\/de\/#\/schema\/person\/ef881d098b3a00614370f4f7e1ad1e6f","name":"Jannah Van Overwaele","image":{"@type":"ImageObject","inLanguage":"de-DE","@id":"https:\/\/secure.gravatar.com\/avatar\/75ae7ec5da59ba382923e3e175275d16ef2bfe7c07930bb1afe6d46422b23b7a?s=96&d=mm&r=g","url":"https:\/\/secure.gravatar.com\/avatar\/75ae7ec5da59ba382923e3e175275d16ef2bfe7c07930bb1afe6d46422b23b7a?s=96&d=mm&r=g","contentUrl":"https:\/\/secure.gravatar.com\/avatar\/75ae7ec5da59ba382923e3e175275d16ef2bfe7c07930bb1afe6d46422b23b7a?s=96&d=mm&r=g","caption":"Jannah Van Overwaele"},"url":"https:\/\/cavalor.com\/de\/author\/jannah\/"}]}},"_links":{"self":[{"href":"https:\/\/cavalor.com\/de\/wp-json\/wp\/v2\/articles\/72465","targetHints":{"allow":["GET"]}}],"collection":[{"href":"https:\/\/cavalor.com\/de\/wp-json\/wp\/v2\/articles"}],"about":[{"href":"https:\/\/cavalor.com\/de\/wp-json\/wp\/v2\/types\/articles"}],"author":[{"embeddable":true,"href":"https:\/\/cavalor.com\/de\/wp-json\/wp\/v2\/users\/1009"}],"replies":[{"embeddable":true,"href":"https:\/\/cavalor.com\/de\/wp-json\/wp\/v2\/comments?post=72465"}],"version-history":[{"count":1,"href":"https:\/\/cavalor.com\/de\/wp-json\/wp\/v2\/articles\/72465\/revisions"}],"predecessor-version":[{"id":166480,"href":"https:\/\/cavalor.com\/de\/wp-json\/wp\/v2\/articles\/72465\/revisions\/166480"}],"wp:featuredmedia":[{"embeddable":true,"href":"https:\/\/cavalor.com\/de\/wp-json\/wp\/v2\/media\/118879"}],"wp:attachment":[{"href":"https:\/\/cavalor.com\/de\/wp-json\/wp\/v2\/media?parent=72465"}],"wp:term":[{"taxonomy":"main-structure","embeddable":true,"href":"https:\/\/cavalor.com\/de\/wp-json\/wp\/v2\/main-structure?post=72465"},{"taxonomy":"reference-activation","embeddable":true,"href":"https:\/\/cavalor.com\/de\/wp-json\/wp\/v2\/reference-activation?post=72465"},{"taxonomy":"search-archive","embeddable":true,"href":"https:\/\/cavalor.com\/de\/wp-json\/wp\/v2\/search-archive?post=72465"},{"taxonomy":"bezorgdheden","embeddable":true,"href":"https:\/\/cavalor.com\/de\/wp-json\/wp\/v2\/bezorgdheden?post=72465"},{"taxonomy":"general-category","embeddable":true,"href":"https:\/\/cavalor.com\/de\/wp-json\/wp\/v2\/general-category?post=72465"},{"taxonomy":"_hot_topics","embeddable":true,"href":"https:\/\/cavalor.com\/de\/wp-json\/wp\/v2\/_hot_topics?post=72465"}],"curies":[{"name":"wp","href":"https:\/\/api.w.org\/{rel}","templated":true}]}}