{"id":22136,"date":"2023-10-30T16:00:00","date_gmt":"2023-10-30T15:00:00","guid":{"rendered":"https:\/\/cavalor.com\/articles\/je-paard-in-conditie-in-de-winter\/"},"modified":"2026-03-19T13:43:49","modified_gmt":"2026-03-19T12:43:49","slug":"votre-cheval-un-etat-optimal-durant-lhiver","status":"publish","type":"articles","link":"https:\/\/cavalor.com\/fr\/articles\/votre-cheval-un-etat-optimal-durant-lhiver\/","title":{"rendered":"Comment garder votre cheval dans un \u00e9tat optimal durant l\u2019hiver ?"},"content":{"rendered":"\n<h6 class=\"wp-block-heading\" id=\"h-les-jours-sont-plus-courts-il-fait-plus-froid-le-temps-est-gris-et-humide-l-hiver-est-bel-et-bien-de-retour-soyez-honnete-adaptez-vous-les-soins-de-votre-cheval-en-fonction-de-la-saison-en-hiver-les-travaux-routiniers-a-l-ecurie-ne-sont-pas-les-memes-qu-en-ete-par-exemple-les-sorties-au-pre-se-font-plus-rares-ou-encore-votre-cheval-a-t-il-ete-tondu-enfin-vous-avez-peut-etre-observe-l-apparition-de-troubles-typiquement-hivernaux-tels-que-l-affaiblissement-des-defenses-immunitaires-les-crevasses-ou-la-pourriture-de-la-fourchette-il-est-donc-temps-de-se-pencher-de-plus-pres-sur-les-travaux-quotidiens-a-l-ecurie-durant-l-hiver\">Les jours sont plus courts, il fait plus froid, le temps est gris et humide. L\u2019hiver est bel et bien de retour ! Soyez honn\u00eate : adaptez-vous les soins de votre cheval en fonction de la saison ? En hiver, les travaux routiniers \u00e0 l\u2019\u00e9curie ne sont pas les m\u00eames qu\u2019en \u00e9t\u00e9. Par exemple, les sorties au pr\u00e9 se font plus rares. Ou encore, votre cheval a-t-il \u00e9t\u00e9 tondu ? Enfin, vous avez peut-\u00eatre observ\u00e9 l\u2019apparition de troubles typiquement hivernaux tels que l\u2019affaiblissement des d\u00e9fenses immunitaires, les crevasses ou la pourriture de la fourchette. Il est donc temps de se pencher de plus pr\u00e8s sur les travaux quotidiens \u00e0 l\u2019\u00e9curie durant l\u2019hiver !<\/h6>\n\n\n\n<p>Nous avons d\u00e9cid\u00e9 de commencer cet article par une petite liste de contr\u00f4le que vous pourrez remplir vous-m\u00eame. Pour vous, en quoi l\u2019hiver est-il diff\u00e9rent de l\u2019\u00e9t\u00e9 ?<\/p>\n\n\n\n<ul class=\"wp-block-list\">\n<li>Votre cheval sort-il plus ou moins au pr\u00e9 ?<\/li>\n\n\n\n<li>Votre cheval bouge-t-il plus ou moins ?<\/li>\n<\/ul>\n\n\n\n<p><\/p>\n\n\n\n<p>La r\u00e9ponse \u00e0 ces deux questions sera tr\u00e8s probablement \u00ab moins \u00bb. C\u2019est-\u00e0-dire moins d\u2019activit\u00e9 physique et moins de sorties au pr\u00e9. Vous constaterez donc facilement que les possibilit\u00e9s, pour votre cheval, de lib\u00e9rer son \u00e9nergie sont plut\u00f4t r\u00e9duites. Et un cheval passant davantage de temps au box est \u00e9galement plus souvent sujet \u00e0 l\u2019ennui. Veillez donc \u00e0 ce que votre cheval dispose de suffisamment de fourrage en r\u00e9partissant plusieurs rations tout au long de la journ\u00e9e. De cette mani\u00e8re, il pourra manger en permanence et son estomac sera toujours plein (ce qui lui permettra \u00e9galement de s\u2019occuper). Si n\u00e9cessaire, donnez-lui \u00e9galement un aliment compl\u00e9mentaire ou un \u00e9quilibreur contenant les vitamines, substances min\u00e9rales et oligo-\u00e9l\u00e9ments dont il a besoin. Et si votre cheval bouge moins, n\u2019oubliez pas d\u2019adapter sa ration d\u2019aliment concentr\u00e9 en cons\u00e9quence.<\/p>\n\n\n\n<figure class=\"wp-block-pullquote\"><blockquote><p><strong>Adaptez-vous les soins de votre cheval en fonction de la saison ?<\/strong><\/p><\/blockquote><\/figure>\n\n\n\n<h5 class=\"wp-block-heading\" id=\"h-le-fourrage-en-hiver\">Le fourrage en hiver<\/h5>\n\n\n\n<p>En hiver, la plupart des chevaux passent moins de temps au pr\u00e9. Ils ne mangent donc (quasiment) pas d\u2019herbe. D\u2019ailleurs, il faut savoir qu\u2019en hiver, l\u2019herbe est beaucoup moins nourrissante qu\u2019en \u00e9t\u00e9. Le cheval absorbe ainsi moins de substances nutritives, ce qui explique pourquoi il est plus d\u00e9pendant du fourrage durant la saison froide. Le foin ou le foin enrubann\u00e9 contient en outre moins de vitamines et de substances min\u00e9rales que l\u2019herbe fra\u00eeche. Un fait que les propri\u00e9taires de chevaux ont souvent tendance \u00e0 oublier. Les chevaux re\u00e7oivent alors la m\u00eame quantit\u00e9 de fourrage qu\u2019en \u00e9t\u00e9 alors que leurs besoins sont plus \u00e9lev\u00e9s. La teneur en prot\u00e9ines, vitamines et oligo-\u00e9l\u00e9ments du foin et du foin enrubann\u00e9 diminue en effet au cours du temps, le foin \u00e9tant coup\u00e9 au printemps ou en \u00e9t\u00e9 pour n\u2019\u00eatre distribu\u00e9 qu\u2019en hiver. Entre temps, sa valeur nutritive a chang\u00e9. D\u2019ailleurs, on observe souvent que les chevaux ont tendance \u00e0 \u00eatre plus maigres et \u00e0 avoir le poil plus terne en f\u00e9vrier. Afin de compenser ces carences, nous vous conseillons de distribuer un compl\u00e9ment nutritionnel ou un \u00e9quilibreur. Le choix d\u00e9pend du cheval, de la situation et de l\u2019intensit\u00e9 du travail demand\u00e9.<\/p>\n\n\n\n<h5 class=\"wp-block-heading\" id=\"h-soutenir-les-defenses-immunitaires\">Soutenir les d\u00e9fenses immunitaires<\/h5>\n\n\n\n<p>Moins d\u2019exercice et moins de sorties au pr\u00e9. En hiver, les chevaux passent plus de temps \u00e0 l\u2019\u00e9curie. G\u00e9n\u00e9ralement, les chevaux couvrent leurs besoins en vitamine D via la lumi\u00e8re du soleil. Or, maintenant que le soleil se fait plus rare, le cheval s\u2019approvisionne en vitamine D via sa nourriture. Afin de pr\u00e9venir une carence en vitamine D, vous pouvez compl\u00e9ter sa ration par des vitamines et substances min\u00e9rales. Par ailleurs, en hiver, les portes et les fen\u00eatres de l\u2019\u00e9curie restent souvent ferm\u00e9es, ce qui cr\u00e9\u00e9e un environnement id\u00e9al pour les virus et les bact\u00e9ries. Durant cette saison, les d\u00e9fenses immunitaires des chevaux sont souvent mises \u00e0 mal. Soutenir le syst\u00e8me immunitaire de votre animal durant cette p\u00e9riode permet de le rendre plus r\u00e9sistant face aux maladies. Les acides gras om\u00e9ga-3 et l\u2019ajout de fibres brutes \u00e0 la ration quotidienne peuvent avoir un effet positif sur la sant\u00e9 de votre animal. En effet, durant l\u2019hiver, la quantit\u00e9 d\u2019acides gras om\u00e9ga-6 absorb\u00e9e via l\u2019aliment concentr\u00e9 est souvent particuli\u00e8rement \u00e9lev\u00e9e. La quantit\u00e9 d\u2019acides gras om\u00e9ga-3 ing\u00e9r\u00e9e, en revanche, est beaucoup plus faible, d\u2019autant plus que ceux-ci sont moins pr\u00e9sents dans le foin que dans l\u2019herbe fra\u00eeche disponible en \u00e9t\u00e9. Or, les acides gras om\u00e9ga-3 sont essentiels pour le bon fonctionnement du syst\u00e8me immunitaire et pour la production d\u2019om\u00e9ga-9 dans le c\u00f4lon. Ils permettent ainsi de soutenir la sant\u00e9 de l\u2019int\u00e9rieur ! Mais un mash riche en fibres est \u00e9galement un compl\u00e9ment id\u00e9al en hiver : en tant que source de fibres, il a un effet positif sur la flore intestinale et peut \u00e9galement servir de passe-temps au cheval en lui offrant quelque chose \u00e0 grignoter.<\/p>\n\n\n\n<figure class=\"wp-block-pullquote\"><blockquote><p>Durant cette saison, les d\u00e9fenses immunitaires des chevaux sont souvent mises \u00e0 mal<\/p><\/blockquote><\/figure>\n\n\n\n<h5 class=\"wp-block-heading\" id=\"h-vous-avez-froid-pas-votre-cheval\">Vous avez froid ? Pas votre cheval !<\/h5>\n\n\n\n<p>Le cheval s\u2019adapte beaucoup mieux aux conditions hivernales que l\u2019homme. En effet, le cheval dispose de davantage de masse musculaire pour se r\u00e9chauffer et de moins de peau sujette au refroidissement. C\u2019est pourquoi la zone thermoneutre du cheval est diff\u00e9rente de celle de l\u2019homme. La zone thermoneutre correspond \u00e0 la plage de temp\u00e9rature id\u00e9ale dans laquelle un cheval sans couverture n\u2019a ni trop chaud, ni trop froid. Elle est comprise (dans les climats temp\u00e9r\u00e9s) entre 5 \u00b0C et 25\u00b0C chez les chevaux contre 25 \u00b0C et 30 \u00b0C chez l\u2019homme. En-de\u00e7\u00e0 de cette zone, le cheval doit d\u00e9penser de l&rsquo;\u00e9nergie suppl\u00e9mentaire pour se r\u00e9chauffer. Pour beaucoup de propri\u00e9taires de chevaux, mettre une couverture semble logique. Pourtant, cela est loin de repr\u00e9senter une solution id\u00e9ale pour les chevaux vivant constamment \u00e0 l\u2019ext\u00e9rieur. En effet, en hiver, les chevaux se r\u00e9chauffent notamment via la digestion. Pour le cheval, manger contribue donc au maintien d\u2019une temp\u00e9rature corporelle constante. La digestion permet alors au cheval de produire de la chaleur. Cette chaleur r\u00e9sulte de la fermentation qui a lieu au niveau du caecum et du c\u00f4lon. Les fibres sont tout particuli\u00e8rement \u00e0 l\u2019origine de ce processus. C\u2019est pourquoi tout cheval passant l\u2019hiver \u00e0 l\u2019ext\u00e9rieur a imp\u00e9rativement besoin de fourrage (riche en fibres), les besoins en fibres ne pouvant \u00eatre enti\u00e8rement couverts par l\u2019herbe en cette saison.<\/p>\n\n\n\n<h5 class=\"wp-block-heading\" id=\"h-qu-en-est-il-des-chevaux-tondus\">Qu\u2019en est-il des chevaux tondus ?<\/h5>\n\n\n\n<p>Tondre un cheval en hiver simplifie la vie des chevaux de comp\u00e9tition et des cavaliers. Un cheval tondu \u00e9vacue la chaleur produite durant l\u2019entra\u00eenement plus facilement, ce qui lui permet alors de s\u00e9cher plus rapidement apr\u00e8s le travail. Il faut toutefois savoir que la tonte entra\u00eene une modification de la zone thermoneutre du cheval. Apr\u00e8s le retour au calme, veillez donc \u00e0 couvrir votre cheval avec une couverture appropri\u00e9e en fonction de la temp\u00e9rature ext\u00e9rieure. En outre, rappelez-vous que le cheval a une peau particuli\u00e8rement sensible. Il est donc important de garder son poil propre et souple ou encore d\u2019utiliser des produits \u00e0 pH neutre afin de nourrir et de prot\u00e9ger son \u00e9piderme. Sachez d\u2019ailleurs que, chez le cheval, un pH neutre est un pH compris entre 7,0 et 7,4.<\/p>\n\n\n\n<figure class=\"wp-block-image size-full\"><img fetchpriority=\"high\" decoding=\"async\" width=\"460\" height=\"147\" src=\"https:\/\/cavalor.com\/wp-content\/uploads\/2021\/09\/Science_Sunday.png\" alt=\"\" class=\"wp-image-20543\" srcset=\"https:\/\/cavalor.com\/wp-content\/uploads\/2021\/09\/Science_Sunday.png 460w, https:\/\/cavalor.com\/wp-content\/uploads\/2021\/09\/Science_Sunday-300x96.png 300w\" sizes=\"(max-width: 460px) 100vw, 460px\" \/><\/figure>\n\n\n\n<h5 class=\"wp-block-heading\" id=\"h-pour-finir-l-hygiene-en-hiver\">Pour finir : l\u2019hygi\u00e8ne en hiver<\/h5>\n\n\n\n<p>La boue, l\u2019humidit\u00e9 et l\u2019urine. Chacun de ces \u00e9l\u00e9ments doit imp\u00e9rativement \u00eatre pris en compte. Combin\u00e9s entre eux, leurs effets se renforcent et sont souvent \u00e0 l\u2019origine de troubles typiquement hivernaux tels que les crevasses et la pourriture de la fourchette. Il est donc inutile d\u2019insister sur l\u2019importance de la propret\u00e9 de l\u2019\u00e9curie en hiver. Parall\u00e8lement, vous pouvez vous procurer un \u00ab \u00e9quipement de premiers secours pour l\u2019hiver \u00bb comprenant des produits contre les crevasses ou la pourriture de la fourchette tels que <a href=\"https:\/\/cavalor.com\/fr\/produits\/muddoc\/\"><strong>Cavalor MudDoc<\/strong><\/a> et <a href=\"https:\/\/cavalor.com\/fr\/dry-feet-3\/\"><strong>Cavalor Dry Feet<\/strong><\/a>.  <\/p>\n\n\n\n<h5 class=\"wp-block-heading\" id=\"h-recommandation-de-notre-expert-en-alimentation\">Recommandation de notre expert en alimentation<\/h5>\n\n\n\n<p>Pour commencer, il est important de savoir ce qui fait la diff\u00e9rence entre l\u2019\u00e9t\u00e9 et l\u2019hiver pour votre cheval. Une quantit\u00e9 suffisante de fourrage est le secret qui lui permettra de bien passer l\u2019hiver.&nbsp;Si n\u00e9cessaire, donnez-lui \u00e9galement un aliment compl\u00e9mentaire ou un \u00e9quilibreur contenant les vitamines, substances min\u00e9rales et oligo-\u00e9l\u00e9ments dont il a besoin. Et si son activit\u00e9 physique augmente ou diminue, pensez \u00e9galement \u00e0 adapter sa ration d\u2019aliment concentr\u00e9 en cons\u00e9quence.<\/p>\n\n\n\n<p>Quelques conseils&nbsp;:<\/p>\n\n\n\n<p>Vous \u00eates \u00e0 la recherche d\u2019un compl\u00e9ment au fourrage\u00a0? Vous pr\u00e9f\u00e9rez recourir \u00e0 un aliment concentr\u00e9\u00a0? Ou votre fourrage a perdu une trop grande quantit\u00e9 de vitamines et de min\u00e9raux\u00a0?<\/p>\n\n\n\n<p>Afin de compenser les carences en vitamines et min\u00e9raux chez les chevaux de loisir, nous vous recommandons <a href=\"https:\/\/cavalor.com\/fr\/produits\/nutri-support\/\">C<strong>avalor Nutri Support<\/strong><\/a>. Si vous souhaitez limiter l\u2019apport en aliment concentr\u00e9, ce compl\u00e9ment nutritionnel vous permettra de fournir \u00e0 votre cheval toutes les vitamines et substances min\u00e9rales dont il a besoin. <a href=\"https:\/\/cavalor.com\/fr\/produits\/nutri-plus\/\"><strong>Cavalor Nutri Plus<\/strong><\/a>, en revanche, a \u00e9t\u00e9 con\u00e7u pour les chevaux de comp\u00e9tition. Il est plus riche en substances nutritives que Nutri Support, les besoins en certaines vitamines et substances min\u00e9rales \u00e9tant plus \u00e9lev\u00e9s chez les chevaux fortement sollicit\u00e9s. Il contient en outre des acides amin\u00e9s, des \u00e9lectrolytes, de la vitamine B et E ainsi que du s\u00e9l\u00e9nium.<\/p>\n\n\n\n<p><strong>Le poil de votre cheval est mat et terne et vous souhaitez renforcer son syst\u00e8me immunitaire\u00a0?<\/strong><\/p>\n\n\n\n<p><a href=\"https:\/\/cavalor.com\/fr\/produits\/oilmega\/\"><strong>Cavalor OilMega<\/strong><\/a> est un produit v\u00e9g\u00e9tal qui soutient la flore intestinale et le syst\u00e8me immunitaire. Il s\u2019agit d\u2019un m\u00e9lange \u00e9quilibr\u00e9 compos\u00e9 d\u2019acide amin\u00e9s sp\u00e9ciaux, d\u2019om\u00e9ga-3, d\u2019om\u00e9ga-6, de vitamine E et d\u2019un antibiotique naturel ayant un effet b\u00e9n\u00e9fique sur le c\u00f4lon. Il conf\u00e8re un poil brillant et soutient le m\u00e9tabolisme. Nous vous recommandons de le distribuer entre novembre et avril.<\/p>\n\n\n\n<p><strong>Vous souhaitez donner une portion de fibres suppl\u00e9mentaire \u00e0 votre cheval\u00a0?<\/strong><\/p>\n\n\n\n<p><strong><a href=\"https:\/\/cavalor.com\/fr\/strucomash-beet\/\">Cavalor Strucomash Beet<\/a><\/strong> est riche en fibres, lesquelles constituent un \u00e9l\u00e9ment essentiel de l\u2019alimentation du cheval. Il contient des flocons de pulpe de betterave s\u00e9ch\u00e9e et des fibres particuli\u00e8rement longues. Il suffit de le faire tremper 60 minutes avant de le distribuer. Ce mash est une formidable friandise hivernale pour votre cheval.<\/p>\n\n\n\n<p><strong>Votre cheval a tendance \u00e0 maigrir en hiver\u00a0? Et il pourrait avoir besoin d\u2019un soutien suppl\u00e9mentaire\u00a0?<\/strong><\/p>\n\n\n\n<p>Alors, optez pour <strong><a href=\"https:\/\/cavalor.com\/fr\/wholegain\/\">Cavalor WholeGain<\/a><\/strong>. Il s\u2019agit d\u2019un m\u00e9lange concentr\u00e9 riche en mati\u00e8res grasses conf\u00e9rant un poil brillant au cheval sain. Il sera une aide particuli\u00e8rement fiable si vous souhaitez que votre cheval reprenne du poids.<\/p>\n\n\n\n<p><strong>Vous souhaitez tondre votre cheval\u00a0?<\/strong><\/p>\n\n\n\n<p>Alors commencez par le laver avec <strong><a href=\"https:\/\/cavalor.com\/fr\/produits\/derma-wash\/\">Cavalor Derma Wash<\/a><\/strong>, un shampoing au pH neutre qui d\u00e9sinfecte la peau sans la dess\u00e9cher. La tonte sera ainsi plus facile et plus efficace. En outre, si vous ajoutez de la glyc\u00e9rine dans Cavalor Derma Wash, vous obtiendrez un apr\u00e8s-shampoing formidable pour le poil et la peau.<\/p>\n\n\n\n<p><strong>Votre cheval souffre d\u00e9j\u00e0 de fourchettes pourries\u00a0?<\/strong><\/p>\n\n\n\n<p>La pourriture de la fourchette est une maladie p\u00e9nible caus\u00e9e par une infection bact\u00e9rienne. Le soutien des bact\u00e9ries saines (probiotiques) via les pr\u00e9biotiques pr\u00e9sente un avantage de taille&nbsp;: celles-ci refoulent activement les bact\u00e9ries n\u00e9fastes \u00e0 l\u2019origine de la fourchette pourrie. <a href=\"https:\/\/cavalor.com\/fr\/dry-feet-3\/\"><strong>Cavalor Dry Feet<\/strong><\/a> permet de traiter efficacement la pourriture de la fourchette. Sa formule est en effet bas\u00e9e sur les pro- et pr\u00e9biotiques.<\/p>\n\n\n\n<p><strong>Vous souhaitez g\u00e9rer un probl\u00e8me de crevasses\u00a0?<\/strong><\/p>\n\n\n\n<p>Les crevasses sont difficiles \u00e0 soigner. Pourtant, avec les produits appropri\u00e9s, elles sont tout \u00e0 fait g\u00e9rables. <a href=\"https:\/\/cavalor.com\/fr\/produits\/muddoc\/\"><strong>Cavalor MudDoc<\/strong><\/a> contient plus de 10 huiles essentielles qui agissent ensemble pour soigner, soulager et d\u00e9sinfecter. Sa formule est 100 % naturelle !<\/p>\n\n\n\n<p>Chaque cheval est diff\u00e9rent. Chaque cheval a des besoins diff\u00e9rents. Nourrissez votre cheval en fonction de ses besoins. Souhaitez-vous en savoir plus sur la ration id\u00e9ale pour votre cheval ? Composez-la tout simplement vous-m\u00eame &#8211; sur <a href=\"https:\/\/www.mycavalor.com\/\">www.MyCavalor.com<\/a> ou contactez-nous via notre Consumer Line au : +32(0)92202525.<\/p>\n\n\n\n<figure class=\"wp-block-embed is-type-video is-provider-youtube wp-block-embed-youtube wp-embed-aspect-16-9 wp-has-aspect-ratio\"><div class=\"wp-block-embed__wrapper\">\n<iframe title=\"How do you choose the right energy source for your horse?\" width=\"800\" height=\"450\" src=\"https:\/\/www.youtube.com\/embed\/8T_9ImWmFrg?feature=oembed&#038;enablejsapi=1&#038;origin=https:\/\/cavalor.com\" frameborder=\"0\" allow=\"accelerometer; autoplay; clipboard-write; encrypted-media; gyroscope; picture-in-picture; web-share\" referrerpolicy=\"strict-origin-when-cross-origin\" allowfullscreen><\/iframe>\n<\/div><\/figure>\n","protected":false},"excerpt":{"rendered":"<p>Les jours sont plus courts, il fait plus froid, le temps est gris et humide. L\u2019hiver est bel et bien de retour ! Soyez honn\u00eate : adaptez-vous les soins de votre cheval en fonction de la saison ? En hiver, les travaux routiniers \u00e0 l\u2019\u00e9curie ne sont pas les m\u00eames qu\u2019en \u00e9t\u00e9. Par exemple, les [&hellip;]<\/p>\n","protected":false},"author":3774,"featured_media":118963,"comment_status":"open","ping_status":"closed","template":"","main-structure":[],"reference-activation":[],"search-archive":[493],"bezorgdheden":[264,268,337],"general-category":[403],"_hot_topics":[445,447,592,431,433,439],"class_list":["post-22136","articles","type-articles","status-publish","has-post-thumbnail","hentry","_hot_topics-soins","_hot_topics-defenses-immunitaires","_hot_topics-hiver","_hot_topics-energie-fr","_hot_topics-energetique","_hot_topics-automne"],"yoast_head":"<!-- This site is optimized with the Yoast SEO Premium plugin v27.4 (Yoast SEO v27.4) - https:\/\/yoast.com\/product\/yoast-seo-premium-wordpress\/ -->\n<title>Cavalor articles - Read more about nutrition and health<\/title>\n<meta name=\"description\" content=\"Les jours sont plus courts, il fait plus froid, le temps est gris et humide. L\u2019hiver est bel et bien de retour ! Soyez honn\u00eate : adaptez-vous les soins de votre cheval en fonction de la saison ? En hiver, les travaux routiniers \u00e0 l\u2019\u00e9curie ne sont pas les m\u00eames qu\u2019en \u00e9t\u00e9.\" \/>\n<meta name=\"robots\" content=\"index, follow, max-snippet:-1, max-image-preview:large, max-video-preview:-1\" \/>\n<link rel=\"canonical\" href=\"https:\/\/cavalor.com\/fr\/articles\/votre-cheval-un-etat-optimal-durant-lhiver\/\" \/>\n<meta property=\"og:locale\" content=\"fr_FR\" \/>\n<meta property=\"og:type\" content=\"article\" \/>\n<meta property=\"og:title\" content=\"Comment garder votre cheval dans un \u00e9tat optimal durant l\u2019hiver ?\" \/>\n<meta property=\"og:description\" content=\"Les jours sont plus courts, il fait plus froid, le temps est gris et humide. L\u2019hiver est bel et bien de retour ! Soyez honn\u00eate : adaptez-vous les soins de votre cheval en fonction de la saison ? En hiver, les travaux routiniers \u00e0 l\u2019\u00e9curie ne sont pas les m\u00eames qu\u2019en \u00e9t\u00e9.\" \/>\n<meta property=\"og:url\" content=\"https:\/\/cavalor.com\/fr\/articles\/votre-cheval-un-etat-optimal-durant-lhiver\/\" \/>\n<meta property=\"og:site_name\" content=\"Cavalor\" \/>\n<meta property=\"article:publisher\" content=\"https:\/\/www.facebook.com\/yourcavalor\" \/>\n<meta property=\"article:modified_time\" content=\"2026-03-19T12:43:49+00:00\" \/>\n<meta property=\"og:image\" content=\"https:\/\/cavalor.com\/wp-content\/uploads\/2023\/10\/winter-condition.jpg\" \/>\n\t<meta property=\"og:image:width\" content=\"1200\" \/>\n\t<meta property=\"og:image:height\" content=\"800\" \/>\n\t<meta property=\"og:image:type\" content=\"image\/jpeg\" \/>\n<meta name=\"twitter:card\" content=\"summary_large_image\" \/>\n<meta name=\"twitter:site\" content=\"@cavalor\" \/>\n<meta name=\"twitter:label1\" content=\"Dur\u00e9e de lecture estim\u00e9e\" \/>\n\t<meta name=\"twitter:data1\" content=\"9 minutes\" \/>\n<script type=\"application\/ld+json\" class=\"yoast-schema-graph\">{\"@context\":\"https:\\\/\\\/schema.org\",\"@graph\":[{\"@type\":\"Article\",\"@id\":\"https:\\\/\\\/cavalor.com\\\/fr\\\/articles\\\/votre-cheval-un-etat-optimal-durant-lhiver\\\/#article\",\"isPartOf\":{\"@id\":\"https:\\\/\\\/cavalor.com\\\/fr\\\/articles\\\/votre-cheval-un-etat-optimal-durant-lhiver\\\/\"},\"author\":{\"name\":\"Jo-Ann Vandermeiren\",\"@id\":\"https:\\\/\\\/cavalor.com\\\/fr\\\/#\\\/schema\\\/person\\\/2756bf46b8123bde5e3741edbe89fef0\"},\"headline\":\"Comment garder votre cheval dans un \u00e9tat optimal durant l\u2019hiver ?\",\"datePublished\":\"2023-10-30T15:00:00+00:00\",\"dateModified\":\"2026-03-19T12:43:49+00:00\",\"mainEntityOfPage\":{\"@id\":\"https:\\\/\\\/cavalor.com\\\/fr\\\/articles\\\/votre-cheval-un-etat-optimal-durant-lhiver\\\/\"},\"wordCount\":2107,\"commentCount\":0,\"publisher\":{\"@id\":\"https:\\\/\\\/cavalor.com\\\/fr\\\/#organization\"},\"image\":{\"@id\":\"https:\\\/\\\/cavalor.com\\\/fr\\\/articles\\\/votre-cheval-un-etat-optimal-durant-lhiver\\\/#primaryimage\"},\"thumbnailUrl\":\"https:\\\/\\\/cavalor.com\\\/wp-content\\\/uploads\\\/2023\\\/10\\\/winter-condition.jpg\",\"inLanguage\":\"fr-FR\",\"potentialAction\":[{\"@type\":\"CommentAction\",\"name\":\"Comment\",\"target\":[\"https:\\\/\\\/cavalor.com\\\/fr\\\/articles\\\/votre-cheval-un-etat-optimal-durant-lhiver\\\/#respond\"]}]},{\"@type\":\"WebPage\",\"@id\":\"https:\\\/\\\/cavalor.com\\\/fr\\\/articles\\\/votre-cheval-un-etat-optimal-durant-lhiver\\\/\",\"url\":\"https:\\\/\\\/cavalor.com\\\/fr\\\/articles\\\/votre-cheval-un-etat-optimal-durant-lhiver\\\/\",\"name\":\"Cavalor articles - Read more about nutrition and health\",\"isPartOf\":{\"@id\":\"https:\\\/\\\/cavalor.com\\\/fr\\\/#website\"},\"primaryImageOfPage\":{\"@id\":\"https:\\\/\\\/cavalor.com\\\/fr\\\/articles\\\/votre-cheval-un-etat-optimal-durant-lhiver\\\/#primaryimage\"},\"image\":{\"@id\":\"https:\\\/\\\/cavalor.com\\\/fr\\\/articles\\\/votre-cheval-un-etat-optimal-durant-lhiver\\\/#primaryimage\"},\"thumbnailUrl\":\"https:\\\/\\\/cavalor.com\\\/wp-content\\\/uploads\\\/2023\\\/10\\\/winter-condition.jpg\",\"datePublished\":\"2023-10-30T15:00:00+00:00\",\"dateModified\":\"2026-03-19T12:43:49+00:00\",\"description\":\"Les jours sont plus courts, il fait plus froid, le temps est gris et humide. L\u2019hiver est bel et bien de retour ! Soyez honn\u00eate : adaptez-vous les soins de votre cheval en fonction de la saison ? En hiver, les travaux routiniers \u00e0 l\u2019\u00e9curie ne sont pas les m\u00eames qu\u2019en \u00e9t\u00e9.\",\"breadcrumb\":{\"@id\":\"https:\\\/\\\/cavalor.com\\\/fr\\\/articles\\\/votre-cheval-un-etat-optimal-durant-lhiver\\\/#breadcrumb\"},\"inLanguage\":\"fr-FR\",\"potentialAction\":[{\"@type\":\"ReadAction\",\"target\":[\"https:\\\/\\\/cavalor.com\\\/fr\\\/articles\\\/votre-cheval-un-etat-optimal-durant-lhiver\\\/\"]}]},{\"@type\":\"ImageObject\",\"inLanguage\":\"fr-FR\",\"@id\":\"https:\\\/\\\/cavalor.com\\\/fr\\\/articles\\\/votre-cheval-un-etat-optimal-durant-lhiver\\\/#primaryimage\",\"url\":\"https:\\\/\\\/cavalor.com\\\/wp-content\\\/uploads\\\/2023\\\/10\\\/winter-condition.jpg\",\"contentUrl\":\"https:\\\/\\\/cavalor.com\\\/wp-content\\\/uploads\\\/2023\\\/10\\\/winter-condition.jpg\",\"width\":1200,\"height\":800},{\"@type\":\"BreadcrumbList\",\"@id\":\"https:\\\/\\\/cavalor.com\\\/fr\\\/articles\\\/votre-cheval-un-etat-optimal-durant-lhiver\\\/#breadcrumb\",\"itemListElement\":[{\"@type\":\"ListItem\",\"position\":1,\"name\":\"Home\",\"item\":\"https:\\\/\\\/cavalor.com\\\/fr\\\/\"},{\"@type\":\"ListItem\",\"position\":2,\"name\":\"Articles\",\"item\":\"https:\\\/\\\/cavalor.com\\\/fr\\\/articles\\\/\"},{\"@type\":\"ListItem\",\"position\":3,\"name\":\"Comment garder votre cheval dans un \u00e9tat optimal durant l\u2019hiver ?\"}]},{\"@type\":\"WebSite\",\"@id\":\"https:\\\/\\\/cavalor.com\\\/fr\\\/#website\",\"url\":\"https:\\\/\\\/cavalor.com\\\/fr\\\/\",\"name\":\"Cavalor\",\"description\":\"Nutrition for horses\",\"publisher\":{\"@id\":\"https:\\\/\\\/cavalor.com\\\/fr\\\/#organization\"},\"potentialAction\":[{\"@type\":\"SearchAction\",\"target\":{\"@type\":\"EntryPoint\",\"urlTemplate\":\"https:\\\/\\\/cavalor.com\\\/fr\\\/?s={search_term_string}\"},\"query-input\":{\"@type\":\"PropertyValueSpecification\",\"valueRequired\":true,\"valueName\":\"search_term_string\"}}],\"inLanguage\":\"fr-FR\"},{\"@type\":\"Organization\",\"@id\":\"https:\\\/\\\/cavalor.com\\\/fr\\\/#organization\",\"name\":\"Cavalor\",\"url\":\"https:\\\/\\\/cavalor.com\\\/fr\\\/\",\"logo\":{\"@type\":\"ImageObject\",\"inLanguage\":\"fr-FR\",\"@id\":\"https:\\\/\\\/cavalor.com\\\/fr\\\/#\\\/schema\\\/logo\\\/image\\\/\",\"url\":\"https:\\\/\\\/cavalor.com\\\/wp-content\\\/uploads\\\/2025\\\/03\\\/cavalor-logo.png\",\"contentUrl\":\"https:\\\/\\\/cavalor.com\\\/wp-content\\\/uploads\\\/2025\\\/03\\\/cavalor-logo.png\",\"width\":696,\"height\":696,\"caption\":\"Cavalor\"},\"image\":{\"@id\":\"https:\\\/\\\/cavalor.com\\\/fr\\\/#\\\/schema\\\/logo\\\/image\\\/\"},\"sameAs\":[\"https:\\\/\\\/www.facebook.com\\\/yourcavalor\",\"https:\\\/\\\/x.com\\\/cavalor\",\"https:\\\/\\\/nl.linkedin.com\\\/company\\\/cavalor\",\"https:\\\/\\\/www.youtube.com\\\/user\\\/CavalorVideo\"],\"description\":\"From the first steps in the world of equestrian sport to the ultimate partnership of horse and rider: we are here to accompany you on your journey. We assist you in making the right feed decisions to bring out the best in you and your horse. Not as a quick fix, but with a view to the horizon. We\u2019re committed to good health inside and out. Our products are created to meet the needs of your horse in any sport, any phase of life, and any specific requirements. Ambition is what drives us and makes us grow. All of us. At Cavalor, we challenge ourselves to gain more knowledge and improve continuously. That\u2019s how we develop our products; every product is borne of a rational and unique view on equine feeding and care \u2013 supported by scientific research and driven by the desire for the health of the horse and the meeting of its needs.\",\"email\":\"info@cavalor.com\",\"telephone\":\"+32 (0)9 220 25 25\"},{\"@type\":\"Person\",\"@id\":\"https:\\\/\\\/cavalor.com\\\/fr\\\/#\\\/schema\\\/person\\\/2756bf46b8123bde5e3741edbe89fef0\",\"name\":\"Jo-Ann Vandermeiren\",\"image\":{\"@type\":\"ImageObject\",\"inLanguage\":\"fr-FR\",\"@id\":\"https:\\\/\\\/secure.gravatar.com\\\/avatar\\\/e40f27c71f3350219d52349ad4019de7d124d1f5cffab4240448b99d2b47b379?s=96&d=mm&r=g\",\"url\":\"https:\\\/\\\/secure.gravatar.com\\\/avatar\\\/e40f27c71f3350219d52349ad4019de7d124d1f5cffab4240448b99d2b47b379?s=96&d=mm&r=g\",\"contentUrl\":\"https:\\\/\\\/secure.gravatar.com\\\/avatar\\\/e40f27c71f3350219d52349ad4019de7d124d1f5cffab4240448b99d2b47b379?s=96&d=mm&r=g\",\"caption\":\"Jo-Ann Vandermeiren\"},\"url\":\"https:\\\/\\\/cavalor.com\\\/fr\\\/author\\\/joann\\\/\"}]}<\/script>\n<!-- \/ Yoast SEO Premium plugin. -->","yoast_head_json":{"title":"Cavalor articles - Read more about nutrition and health","description":"Les jours sont plus courts, il fait plus froid, le temps est gris et humide. L\u2019hiver est bel et bien de retour ! Soyez honn\u00eate : adaptez-vous les soins de votre cheval en fonction de la saison ? En hiver, les travaux routiniers \u00e0 l\u2019\u00e9curie ne sont pas les m\u00eames qu\u2019en \u00e9t\u00e9.","robots":{"index":"index","follow":"follow","max-snippet":"max-snippet:-1","max-image-preview":"max-image-preview:large","max-video-preview":"max-video-preview:-1"},"canonical":"https:\/\/cavalor.com\/fr\/articles\/votre-cheval-un-etat-optimal-durant-lhiver\/","og_locale":"fr_FR","og_type":"article","og_title":"Comment garder votre cheval dans un \u00e9tat optimal durant l\u2019hiver ?","og_description":"Les jours sont plus courts, il fait plus froid, le temps est gris et humide. L\u2019hiver est bel et bien de retour ! Soyez honn\u00eate : adaptez-vous les soins de votre cheval en fonction de la saison ? En hiver, les travaux routiniers \u00e0 l\u2019\u00e9curie ne sont pas les m\u00eames qu\u2019en \u00e9t\u00e9.","og_url":"https:\/\/cavalor.com\/fr\/articles\/votre-cheval-un-etat-optimal-durant-lhiver\/","og_site_name":"Cavalor","article_publisher":"https:\/\/www.facebook.com\/yourcavalor","article_modified_time":"2026-03-19T12:43:49+00:00","og_image":[{"width":1200,"height":800,"url":"https:\/\/cavalor.com\/wp-content\/uploads\/2023\/10\/winter-condition.jpg","type":"image\/jpeg"}],"twitter_card":"summary_large_image","twitter_site":"@cavalor","twitter_misc":{"Dur\u00e9e de lecture estim\u00e9e":"9 minutes"},"schema":{"@context":"https:\/\/schema.org","@graph":[{"@type":"Article","@id":"https:\/\/cavalor.com\/fr\/articles\/votre-cheval-un-etat-optimal-durant-lhiver\/#article","isPartOf":{"@id":"https:\/\/cavalor.com\/fr\/articles\/votre-cheval-un-etat-optimal-durant-lhiver\/"},"author":{"name":"Jo-Ann Vandermeiren","@id":"https:\/\/cavalor.com\/fr\/#\/schema\/person\/2756bf46b8123bde5e3741edbe89fef0"},"headline":"Comment garder votre cheval dans un \u00e9tat optimal durant l\u2019hiver ?","datePublished":"2023-10-30T15:00:00+00:00","dateModified":"2026-03-19T12:43:49+00:00","mainEntityOfPage":{"@id":"https:\/\/cavalor.com\/fr\/articles\/votre-cheval-un-etat-optimal-durant-lhiver\/"},"wordCount":2107,"commentCount":0,"publisher":{"@id":"https:\/\/cavalor.com\/fr\/#organization"},"image":{"@id":"https:\/\/cavalor.com\/fr\/articles\/votre-cheval-un-etat-optimal-durant-lhiver\/#primaryimage"},"thumbnailUrl":"https:\/\/cavalor.com\/wp-content\/uploads\/2023\/10\/winter-condition.jpg","inLanguage":"fr-FR","potentialAction":[{"@type":"CommentAction","name":"Comment","target":["https:\/\/cavalor.com\/fr\/articles\/votre-cheval-un-etat-optimal-durant-lhiver\/#respond"]}]},{"@type":"WebPage","@id":"https:\/\/cavalor.com\/fr\/articles\/votre-cheval-un-etat-optimal-durant-lhiver\/","url":"https:\/\/cavalor.com\/fr\/articles\/votre-cheval-un-etat-optimal-durant-lhiver\/","name":"Cavalor articles - Read more about nutrition and health","isPartOf":{"@id":"https:\/\/cavalor.com\/fr\/#website"},"primaryImageOfPage":{"@id":"https:\/\/cavalor.com\/fr\/articles\/votre-cheval-un-etat-optimal-durant-lhiver\/#primaryimage"},"image":{"@id":"https:\/\/cavalor.com\/fr\/articles\/votre-cheval-un-etat-optimal-durant-lhiver\/#primaryimage"},"thumbnailUrl":"https:\/\/cavalor.com\/wp-content\/uploads\/2023\/10\/winter-condition.jpg","datePublished":"2023-10-30T15:00:00+00:00","dateModified":"2026-03-19T12:43:49+00:00","description":"Les jours sont plus courts, il fait plus froid, le temps est gris et humide. L\u2019hiver est bel et bien de retour ! Soyez honn\u00eate : adaptez-vous les soins de votre cheval en fonction de la saison ? En hiver, les travaux routiniers \u00e0 l\u2019\u00e9curie ne sont pas les m\u00eames qu\u2019en \u00e9t\u00e9.","breadcrumb":{"@id":"https:\/\/cavalor.com\/fr\/articles\/votre-cheval-un-etat-optimal-durant-lhiver\/#breadcrumb"},"inLanguage":"fr-FR","potentialAction":[{"@type":"ReadAction","target":["https:\/\/cavalor.com\/fr\/articles\/votre-cheval-un-etat-optimal-durant-lhiver\/"]}]},{"@type":"ImageObject","inLanguage":"fr-FR","@id":"https:\/\/cavalor.com\/fr\/articles\/votre-cheval-un-etat-optimal-durant-lhiver\/#primaryimage","url":"https:\/\/cavalor.com\/wp-content\/uploads\/2023\/10\/winter-condition.jpg","contentUrl":"https:\/\/cavalor.com\/wp-content\/uploads\/2023\/10\/winter-condition.jpg","width":1200,"height":800},{"@type":"BreadcrumbList","@id":"https:\/\/cavalor.com\/fr\/articles\/votre-cheval-un-etat-optimal-durant-lhiver\/#breadcrumb","itemListElement":[{"@type":"ListItem","position":1,"name":"Home","item":"https:\/\/cavalor.com\/fr\/"},{"@type":"ListItem","position":2,"name":"Articles","item":"https:\/\/cavalor.com\/fr\/articles\/"},{"@type":"ListItem","position":3,"name":"Comment garder votre cheval dans un \u00e9tat optimal durant l\u2019hiver ?"}]},{"@type":"WebSite","@id":"https:\/\/cavalor.com\/fr\/#website","url":"https:\/\/cavalor.com\/fr\/","name":"Cavalor","description":"Nutrition for horses","publisher":{"@id":"https:\/\/cavalor.com\/fr\/#organization"},"potentialAction":[{"@type":"SearchAction","target":{"@type":"EntryPoint","urlTemplate":"https:\/\/cavalor.com\/fr\/?s={search_term_string}"},"query-input":{"@type":"PropertyValueSpecification","valueRequired":true,"valueName":"search_term_string"}}],"inLanguage":"fr-FR"},{"@type":"Organization","@id":"https:\/\/cavalor.com\/fr\/#organization","name":"Cavalor","url":"https:\/\/cavalor.com\/fr\/","logo":{"@type":"ImageObject","inLanguage":"fr-FR","@id":"https:\/\/cavalor.com\/fr\/#\/schema\/logo\/image\/","url":"https:\/\/cavalor.com\/wp-content\/uploads\/2025\/03\/cavalor-logo.png","contentUrl":"https:\/\/cavalor.com\/wp-content\/uploads\/2025\/03\/cavalor-logo.png","width":696,"height":696,"caption":"Cavalor"},"image":{"@id":"https:\/\/cavalor.com\/fr\/#\/schema\/logo\/image\/"},"sameAs":["https:\/\/www.facebook.com\/yourcavalor","https:\/\/x.com\/cavalor","https:\/\/nl.linkedin.com\/company\/cavalor","https:\/\/www.youtube.com\/user\/CavalorVideo"],"description":"From the first steps in the world of equestrian sport to the ultimate partnership of horse and rider: we are here to accompany you on your journey. We assist you in making the right feed decisions to bring out the best in you and your horse. Not as a quick fix, but with a view to the horizon. We\u2019re committed to good health inside and out. Our products are created to meet the needs of your horse in any sport, any phase of life, and any specific requirements. Ambition is what drives us and makes us grow. All of us. At Cavalor, we challenge ourselves to gain more knowledge and improve continuously. That\u2019s how we develop our products; every product is borne of a rational and unique view on equine feeding and care \u2013 supported by scientific research and driven by the desire for the health of the horse and the meeting of its needs.","email":"info@cavalor.com","telephone":"+32 (0)9 220 25 25"},{"@type":"Person","@id":"https:\/\/cavalor.com\/fr\/#\/schema\/person\/2756bf46b8123bde5e3741edbe89fef0","name":"Jo-Ann Vandermeiren","image":{"@type":"ImageObject","inLanguage":"fr-FR","@id":"https:\/\/secure.gravatar.com\/avatar\/e40f27c71f3350219d52349ad4019de7d124d1f5cffab4240448b99d2b47b379?s=96&d=mm&r=g","url":"https:\/\/secure.gravatar.com\/avatar\/e40f27c71f3350219d52349ad4019de7d124d1f5cffab4240448b99d2b47b379?s=96&d=mm&r=g","contentUrl":"https:\/\/secure.gravatar.com\/avatar\/e40f27c71f3350219d52349ad4019de7d124d1f5cffab4240448b99d2b47b379?s=96&d=mm&r=g","caption":"Jo-Ann Vandermeiren"},"url":"https:\/\/cavalor.com\/fr\/author\/joann\/"}]}},"_links":{"self":[{"href":"https:\/\/cavalor.com\/fr\/wp-json\/wp\/v2\/articles\/22136","targetHints":{"allow":["GET"]}}],"collection":[{"href":"https:\/\/cavalor.com\/fr\/wp-json\/wp\/v2\/articles"}],"about":[{"href":"https:\/\/cavalor.com\/fr\/wp-json\/wp\/v2\/types\/articles"}],"author":[{"embeddable":true,"href":"https:\/\/cavalor.com\/fr\/wp-json\/wp\/v2\/users\/3774"}],"replies":[{"embeddable":true,"href":"https:\/\/cavalor.com\/fr\/wp-json\/wp\/v2\/comments?post=22136"}],"version-history":[{"count":1,"href":"https:\/\/cavalor.com\/fr\/wp-json\/wp\/v2\/articles\/22136\/revisions"}],"predecessor-version":[{"id":164519,"href":"https:\/\/cavalor.com\/fr\/wp-json\/wp\/v2\/articles\/22136\/revisions\/164519"}],"wp:featuredmedia":[{"embeddable":true,"href":"https:\/\/cavalor.com\/fr\/wp-json\/wp\/v2\/media\/118963"}],"wp:attachment":[{"href":"https:\/\/cavalor.com\/fr\/wp-json\/wp\/v2\/media?parent=22136"}],"wp:term":[{"taxonomy":"main-structure","embeddable":true,"href":"https:\/\/cavalor.com\/fr\/wp-json\/wp\/v2\/main-structure?post=22136"},{"taxonomy":"reference-activation","embeddable":true,"href":"https:\/\/cavalor.com\/fr\/wp-json\/wp\/v2\/reference-activation?post=22136"},{"taxonomy":"search-archive","embeddable":true,"href":"https:\/\/cavalor.com\/fr\/wp-json\/wp\/v2\/search-archive?post=22136"},{"taxonomy":"bezorgdheden","embeddable":true,"href":"https:\/\/cavalor.com\/fr\/wp-json\/wp\/v2\/bezorgdheden?post=22136"},{"taxonomy":"general-category","embeddable":true,"href":"https:\/\/cavalor.com\/fr\/wp-json\/wp\/v2\/general-category?post=22136"},{"taxonomy":"_hot_topics","embeddable":true,"href":"https:\/\/cavalor.com\/fr\/wp-json\/wp\/v2\/_hot_topics?post=22136"}],"curies":[{"name":"wp","href":"https:\/\/api.w.org\/{rel}","templated":true}]}}