{"id":72330,"date":"2023-10-13T13:55:17","date_gmt":"2023-10-13T11:55:17","guid":{"rendered":"https:\/\/cavalor.com\/?post_type=articles&#038;p=72330"},"modified":"2026-04-03T11:56:16","modified_gmt":"2026-04-03T09:56:16","slug":"ready-set-de-winter-komt-eraan","status":"publish","type":"articles","link":"https:\/\/cavalor.com\/nl\/artikelen\/ready-set-de-winter-komt-eraan\/","title":{"rendered":"Ready, set? De winter komt eraan!"},"content":{"rendered":"\n<h6 class=\"wp-block-heading\" id=\"h-de-dagen-worden-korter-en-korter-de-haren-langer-en-de-temperatuur-gaat-hard-naar-beneden-de-winter-komt-eraan-het-brengt-voor-jou-als-paardeneigenaar-de-nodige-uitdagingen-met-zich-mee-hoe-blijft-je-paard-het-beste-warm-hoe-zorg-je-voor-een-optimale-ventilatie-nu-de-paarden-meer-op-stal-staan-natuurlijk-zijn-er-ook-veel-wedstrijdstrijd-ruiters-die-met-hun-paarden-richting-het-zuiden-van-europa-gaan-om-daar-de-bekende-tours-te-rijden-in-deze-blog-vertellen-we-je-alles-over-winter-de-uitdagingen-en-vooral-de-oplossingen\">De dagen worden korter en korter, de haren langer en de temperatuur gaat hard naar beneden: de winter komt eraan! Het brengt voor jou als paardeneigenaar de nodige uitdagingen met zich mee. Hoe blijft je paard het beste warm? Hoe zorg je voor een optimale ventilatie nu de paarden meer op stal staan? Natuurlijk zijn er ook veel wedstrijdstrijd ruiters die met hun paarden richting het zuiden van Europa gaan om daar de bekende tours te rijden. In deze blog vertellen we je alles over winter, de uitdagingen en vooral de oplossingen.<\/h6>\n\n\n\n<p>We weten allemaal wat winter is, maar wat betekent dat voor onze paarden? Het is het koudste seizoen van het jaar. Dat is over de hele wereld anders, maar in Europa is het winter tussen december en maart winter. Niet alleen de tijd van de winter verschilt wereldwijd, het is in Canada ook anders koud dan bijvoorbeeld in Belgi\u00eb. We maken het verschil tussen een koud klimaat (tussen de -15 \u00b0 C en 10 \u00b0 C) en een moderate klimaat (tussen de 5 \u00b0 C en 25 \u00b0 C). Daarnaast maakt het ook een verschil of je te maken hebt met een veulen of een volwassen paard. Een veulen kan zich logischerwijs nog veel minder goed warm houden als het koud is.<\/p>\n\n\n\n<figure class=\"wp-block-pullquote\"><blockquote><p>Het is overal ter wereld anders &#8216;winter&#8217;<\/p><\/blockquote><\/figure>\n\n\n\n<p>Wat belangrijk is om je te realiseren is dat de Body Condition Score van je paard, ook invloed heeft op de temperatuur van je paard. Een veel te dun paard zal moeite hebben zichzelf op temperatuur te houden. Dat paard voelt zich fijner in een warme omgeving. Een paard dat te dun is heeft alle energie nodig om zelf enigszins in conditie te blijven. De extra energie die hij dan nodig heeft om zichzelf warm te houden is maar in hele beperkte mate aanwezig. Door de regel genomen valt ieder paard een beetje af in de winter. Een paard met een gezond gewicht (een BCS van 5 \u2013 6 op de schaal van Henneke<ins>)<\/ins> gaat geen problemen ondervinden met koudere temperaturen.<\/p>\n\n\n\n<p>Bekijk hier onze video over BCS:<\/p>\n\n\n\n<figure class=\"wp-block-embed is-type-video is-provider-youtube wp-block-embed-youtube wp-embed-aspect-16-9 wp-has-aspect-ratio\"><div class=\"wp-block-embed__wrapper\">\n<iframe title=\"Hoe bepaal je de Body Condition Score van jouw paard?\" width=\"800\" height=\"450\" src=\"https:\/\/www.youtube.com\/embed\/GIav-B60CCE?feature=oembed&#038;enablejsapi=1&#038;origin=https:\/\/cavalor.com\" frameborder=\"0\" allow=\"accelerometer; autoplay; clipboard-write; encrypted-media; gyroscope; picture-in-picture; web-share\" referrerpolicy=\"strict-origin-when-cross-origin\" allowfullscreen><\/iframe>\n<\/div><\/figure>\n\n\n\n<h5 class=\"wp-block-heading\" id=\"h-voeren-voor-een-goede-temperatuur\">Voeren voor een goede temperatuur<\/h5>\n\n\n\n<p>In onderstaande afbeelding kun je goed zien waarom energie van een paard zo belangrijk is. Is een paard in de thermo neutrale zone dan kost het hem geen energie om op temperatuur te blijven. Zodra het kouder wordt gaat hij meer energie verbruiken om de temperatuur in orde te houden. Je kunt stellen dat het pas koud is als het paard energie moet verbruiken om zichzelf warm te houden. De beste strategie om het paard op temperatuur te houden (zowel indoor als outdoor) is het voeren van ruwvoer. Het verteren van vezels levert een warmteproductie op. Als extraatje kun je een warme slobber overwegen.<\/p>\n\n\n\n<figure class=\"wp-block-image size-full is-resized\"><img fetchpriority=\"high\" decoding=\"async\" width=\"742\" height=\"314\" src=\"https:\/\/cavalor.com\/wp-content\/uploads\/2021\/12\/Tekengebied-2-1.png\" alt=\"\" class=\"wp-image-72509\" style=\"width:455px;height:193px\" srcset=\"https:\/\/cavalor.com\/wp-content\/uploads\/2021\/12\/Tekengebied-2-1.png 742w, https:\/\/cavalor.com\/wp-content\/uploads\/2021\/12\/Tekengebied-2-1-600x254.png 600w, https:\/\/cavalor.com\/wp-content\/uploads\/2021\/12\/Tekengebied-2-1-300x127.png 300w\" sizes=\"(max-width: 742px) 100vw, 742px\" \/><\/figure>\n\n\n\n<h5 class=\"wp-block-heading\" id=\"h-omega-3-en-6\">Omega 3 en 6<\/h5>\n\n\n\n<p>Tegenwoordig komen zowel de jonge paarden als fokmerries in de winter binnen waar ze de beschikking hebben over onbeperkt ruwvoer. Zeker voor paarden die gewend zijn 24\/7 buiten te staan in de mildere seizoenen is dit geen overdadige luxe. Door het onbewerkte ruwvoer blijft het verteringssysteem continue in beweging. Let op dat alleen ruwvoer nooit voldoende is. Qua energie-inname krijgt het paard weliswaar voldoende binnen, maar er het ontbreekt aan vitamines en mineralen die paarden wel uit vers gras kunnen halen. Daarnaast voldoet alleen ruwvoer ook niet in de behoefte aan omega 3 &amp; 6. Omega 3 en 6 vetzuren zijn essenti\u00eble vetzuren. Dit wil zeggen dat het lichaam deze stoffen nodig heeft maar ze zelf niet kan aanmaken. De vetzuren dienen daarom via het rantsoen te worden opgenomen. Dat is niet alleen belangrijk voor fokmerries en jonge paarden, maar voor alle paarden die in het winterseizoen meer binnen staan.<\/p>\n\n\n\n<figure class=\"wp-block-pullquote\"><blockquote><p>Omega 3 &amp; 6 wordt niet door het lichaam zelf aangemaakt<\/p><\/blockquote><\/figure>\n\n\n\n<p>Wanneer paarden grotendeels op stal staan hebben ze vaak een lagere opname van omega 3 vetzuren doordat weidegang ontbreekt of praktisch niet mogelijk is .Het is belangrijk dat de verhouding tussen omega-3 en omega-6 in balans blijft. Als de verhouding tussen omega 3 en omega 6 goed zit, gaat het paard automatisch voldoende omega 9 gaan aanmaken.<\/p>\n\n\n\n<p>Een juiste verhouding tussen omega 3 en 6 vetzuren heeft niet enkel een positief effect op het immuunsysteem maar ook op de algehele gezondheid van het paard. Een disbalans tussen deze vetzuren kan in verband gebracht worden met ontstekingen, een slechte vacht, verminderde weerstand en verminderde vruchtbaarheid.<\/p>\n\n\n\n<h5 class=\"wp-block-heading\" id=\"h-weerstand-heeft-altijd-prioriteit\">Weerstand heeft altijd prioriteit<\/h5>\n\n\n\n<p>Paarden worden niet ziek van kou, maar met een verminderde weerstand kan dat wel! Net als bij mensen kan ook bij paarden de weerstand in de winter dalen. Het binnen staan heeft invloed, maar ook de temperatuurschommelingen kunnen ervoor zorgen dat de weerstand van je paard niet zo hoog is als je zou willen.<\/p>\n\n\n\n<h5 class=\"wp-block-heading\" id=\"h-je-paard-scheren-in-de-winter\">Je paard scheren in de winter?<\/h5>\n\n\n\n<p>Het scheren van paarden maakt het leven van sportpaarden en ruiters makkelijker in de winter. Het paard kan zijn warmte tijdens de training makkelijker kwijt. En zal eerder droog zijn tijdens de cooling down. Door je paard te scheren wijzigt de thermo neutrale zone. Zorg er dus voor dat je je paard, na de koeling down, de juiste deken op legt afhankelijk van de buitentemperatuur. Ook goed om te beseffen is dat paarden een heel gevoelige huid hebben. Zorg voor een schone, zachte vacht. En gebruikt PH-neutrale producten om de huid te voeden en beschermen. Een neutrale PH-waarde voor een paard ligt tussen de 7,0 en 7.4. Lees ons <a href=\"https:\/\/cavalor.com\/nl\/artikelen\/top-5-tips-voor-het-scheren-van-jouw-paard\/\">artikel<\/a><strong> <\/strong>voor de top 5 tips voor het scheren van je paard!<\/p>\n\n\n\n<h5 class=\"wp-block-heading\" id=\"h-tips-van-onze-nutritionisten-met-de-juiste-producten-de-winter-door\">Tips van onze nutritionisten: met de juiste producten de winter door<\/h5>\n\n\n\n<p>In de winter verandert er veel, je paard gaat over van vers gras naar ruwvoer \u00e9n staat meer binnen. Uit alleen ruwvoer haalt je paard niet voldoende vitamines en vezels. Daarom is aanvullen belangrijk. Om eventuele tekorten aan te vullen kun je balancers toevoegen aan het rantsoen. <a href=\"https:\/\/cavalor.com\/nl\/balancers-paard\/nutri-grow\/\" type=\"link\" id=\"https:\/\/cavalor.com\/nl\/balancers-paard\/nutri-grow\/\">Nutri Grow<\/a> is speciaal gemaakt voor fokmerries en jonge paarden. Voor de sportpaarden is er <a href=\"https:\/\/cavalor.com\/nl\/producten\/nutri-plus\/\">Nutri Plus<\/a> en voor de paarden die recreatief ingezet worden is er <a href=\"https:\/\/cavalor.com\/nl\/producten\/nutri-support\/\">Nutri Support<\/a>. Deze drie producten hebben een goed gebalanceerde mix van vitaminen en mineralen. Het is alles wat een paard nodig heeft los van het ruwvoer. Drachtige merries hebben vanaf de zevende maand dracht meer ondersteuning nodig. Naast de aanvulling van vitaminen en mineralen heeft de merrie behoefte aan meer energie en eiwitten.<\/p>\n\n\n\n<p><a href=\"https:\/\/cavalor.com\/nl\/producten\/strucomash-beet\/\">Cavalor Strucomash Beet<\/a> is een slobber die rijk is aan vezels, een belangrijk onderdeel van het dieet van het paard. Het bevat gedroogde bietenpulpvlokken en lange vezels. Na 60 minuten weken kun je het voeren en is het een lekkernij in de wintermaanden voor het paard.<\/p>\n\n\n\n<p>Weerstand vinden we belangrijk bij Cavalor en we weten ook dat een goede weerstand niet altijd vanzelf komt. Daarom hebben we producten ontwikkelt die jouw paard kunnen ondersteunen. <a href=\"https:\/\/cavalor.com\/nl\/producten\/oilmega\/\">OilMega <\/a>zorgt voor een gezond paard van binnenuit. De omega 3 \u2013 6 \u2013 9 vetzuren samen met het natuurlijk antibioticum zorgen voor een gezonde darmflora en extra ondersteuning van het immuunsysteem.<br><br>Heeft het immuunsysteem van jouw paard al behoorlijk wat te verduren? Is het een ouder paard, heb je veel gereisd of is je paard net gevaccineerd? Dan kan iets extra\u2019s nodig zijn. <a href=\"https:\/\/cavalor.com\/nl\/producten\/resist-vit-c\/\">Resist + Vit C<\/a> is een poeder dat de opbouw van het immuunsysteem ondersteunt door een antioxidanmix, kruidenextracten en essenti\u00eble oli\u00ebn. Een combinatie van verschillende antioxidanten werkt sterker dan een hoge dosering van \u00e9\u00e9n antioxidant aangezien elk antioxidant anders functioneert.<\/p>\n","protected":false},"excerpt":{"rendered":"<p>De dagen worden korter en korter, de haren langer en de temperatuur gaat hard naar beneden: de winter komt eraan! Het brengt voor jou als paardeneigenaar de nodige uitdagingen met zich mee. Hoe blijft je paard het beste warm? Hoe zorg je voor een optimale ventilatie nu de paarden meer op stal staan? Natuurlijk zijn [&hellip;]<\/p>\n","protected":false},"author":1009,"featured_media":118876,"comment_status":"closed","ping_status":"closed","template":"","main-structure":[],"reference-activation":[],"search-archive":[485],"bezorgdheden":[200,203,204],"general-category":[105],"_hot_topics":[70,90,91,94,587],"class_list":["post-72330","articles","type-articles","status-publish","has-post-thumbnail","hentry","_hot_topics-verzorging","_hot_topics-weerstand","_hot_topics-feedasyouneed","_hot_topics-najaar","_hot_topics-winter"],"yoast_head":"<!-- This site is optimized with the Yoast SEO Premium plugin v27.4 (Yoast SEO v27.4) - https:\/\/yoast.com\/product\/yoast-seo-premium-wordpress\/ -->\n<title>Verzorging van paarden in de winter | Tips &amp; Advies | CAVALOR<\/title>\n<meta name=\"description\" content=\"De dagen worden korter, de haren langer en de temperatuur gaat naar beneden: de winter komt eraan. Lees hier alles over paarden in de winter.\" \/>\n<meta name=\"robots\" content=\"index, follow, max-snippet:-1, max-image-preview:large, max-video-preview:-1\" \/>\n<link rel=\"canonical\" href=\"https:\/\/cavalor.com\/nl\/artikelen\/ready-set-de-winter-komt-eraan\/\" \/>\n<meta property=\"og:locale\" content=\"nl_NL\" \/>\n<meta property=\"og:type\" content=\"article\" \/>\n<meta property=\"og:title\" content=\"Ready, set? De winter komt eraan!\" \/>\n<meta property=\"og:description\" content=\"De dagen worden korter, de haren langer en de temperatuur gaat naar beneden: de winter komt eraan. Lees hier alles over paarden in de winter.\" \/>\n<meta property=\"og:url\" content=\"https:\/\/cavalor.com\/nl\/artikelen\/ready-set-de-winter-komt-eraan\/\" \/>\n<meta property=\"og:site_name\" content=\"Cavalor\" \/>\n<meta property=\"article:publisher\" content=\"https:\/\/www.facebook.com\/yourcavalor\" \/>\n<meta property=\"article:modified_time\" content=\"2026-04-03T09:56:16+00:00\" \/>\n<meta property=\"og:image\" content=\"https:\/\/cavalor.com\/wp-content\/uploads\/2021\/12\/winter-1.jpg\" \/>\n\t<meta property=\"og:image:width\" content=\"1200\" \/>\n\t<meta property=\"og:image:height\" content=\"800\" \/>\n\t<meta property=\"og:image:type\" content=\"image\/jpeg\" \/>\n<meta name=\"twitter:card\" content=\"summary_large_image\" \/>\n<meta name=\"twitter:site\" content=\"@cavalor\" \/>\n<meta name=\"twitter:label1\" content=\"Geschatte leestijd\" \/>\n\t<meta name=\"twitter:data1\" content=\"6 minuten\" \/>\n<script type=\"application\/ld+json\" class=\"yoast-schema-graph\">{\"@context\":\"https:\\\/\\\/schema.org\",\"@graph\":[{\"@type\":\"Article\",\"@id\":\"https:\\\/\\\/cavalor.com\\\/nl\\\/artikelen\\\/ready-set-de-winter-komt-eraan\\\/#article\",\"isPartOf\":{\"@id\":\"https:\\\/\\\/cavalor.com\\\/nl\\\/artikelen\\\/ready-set-de-winter-komt-eraan\\\/\"},\"author\":{\"name\":\"Jannah Van Overwaele\",\"@id\":\"https:\\\/\\\/cavalor.com\\\/nl\\\/#\\\/schema\\\/person\\\/ef881d098b3a00614370f4f7e1ad1e6f\"},\"headline\":\"Ready, set? De winter komt eraan!\",\"datePublished\":\"2023-10-13T11:55:17+00:00\",\"dateModified\":\"2026-04-03T09:56:16+00:00\",\"mainEntityOfPage\":{\"@id\":\"https:\\\/\\\/cavalor.com\\\/nl\\\/artikelen\\\/ready-set-de-winter-komt-eraan\\\/\"},\"wordCount\":1207,\"publisher\":{\"@id\":\"https:\\\/\\\/cavalor.com\\\/nl\\\/#organization\"},\"image\":{\"@id\":\"https:\\\/\\\/cavalor.com\\\/nl\\\/artikelen\\\/ready-set-de-winter-komt-eraan\\\/#primaryimage\"},\"thumbnailUrl\":\"https:\\\/\\\/cavalor.com\\\/wp-content\\\/uploads\\\/2021\\\/12\\\/winter-1.jpg\",\"inLanguage\":\"nl-NL\"},{\"@type\":\"WebPage\",\"@id\":\"https:\\\/\\\/cavalor.com\\\/nl\\\/artikelen\\\/ready-set-de-winter-komt-eraan\\\/\",\"url\":\"https:\\\/\\\/cavalor.com\\\/nl\\\/artikelen\\\/ready-set-de-winter-komt-eraan\\\/\",\"name\":\"Verzorging van paarden in de winter | Tips & Advies | CAVALOR\",\"isPartOf\":{\"@id\":\"https:\\\/\\\/cavalor.com\\\/nl\\\/#website\"},\"primaryImageOfPage\":{\"@id\":\"https:\\\/\\\/cavalor.com\\\/nl\\\/artikelen\\\/ready-set-de-winter-komt-eraan\\\/#primaryimage\"},\"image\":{\"@id\":\"https:\\\/\\\/cavalor.com\\\/nl\\\/artikelen\\\/ready-set-de-winter-komt-eraan\\\/#primaryimage\"},\"thumbnailUrl\":\"https:\\\/\\\/cavalor.com\\\/wp-content\\\/uploads\\\/2021\\\/12\\\/winter-1.jpg\",\"datePublished\":\"2023-10-13T11:55:17+00:00\",\"dateModified\":\"2026-04-03T09:56:16+00:00\",\"description\":\"De dagen worden korter, de haren langer en de temperatuur gaat naar beneden: de winter komt eraan. Lees hier alles over paarden in de winter.\",\"breadcrumb\":{\"@id\":\"https:\\\/\\\/cavalor.com\\\/nl\\\/artikelen\\\/ready-set-de-winter-komt-eraan\\\/#breadcrumb\"},\"inLanguage\":\"nl-NL\",\"potentialAction\":[{\"@type\":\"ReadAction\",\"target\":[\"https:\\\/\\\/cavalor.com\\\/nl\\\/artikelen\\\/ready-set-de-winter-komt-eraan\\\/\"]}]},{\"@type\":\"ImageObject\",\"inLanguage\":\"nl-NL\",\"@id\":\"https:\\\/\\\/cavalor.com\\\/nl\\\/artikelen\\\/ready-set-de-winter-komt-eraan\\\/#primaryimage\",\"url\":\"https:\\\/\\\/cavalor.com\\\/wp-content\\\/uploads\\\/2021\\\/12\\\/winter-1.jpg\",\"contentUrl\":\"https:\\\/\\\/cavalor.com\\\/wp-content\\\/uploads\\\/2021\\\/12\\\/winter-1.jpg\",\"width\":1200,\"height\":800},{\"@type\":\"BreadcrumbList\",\"@id\":\"https:\\\/\\\/cavalor.com\\\/nl\\\/artikelen\\\/ready-set-de-winter-komt-eraan\\\/#breadcrumb\",\"itemListElement\":[{\"@type\":\"ListItem\",\"position\":1,\"name\":\"Home\",\"item\":\"https:\\\/\\\/cavalor.com\\\/nl\\\/\"},{\"@type\":\"ListItem\",\"position\":2,\"name\":\"Articles\",\"item\":\"https:\\\/\\\/cavalor.com\\\/nl\\\/artikelen\\\/\"},{\"@type\":\"ListItem\",\"position\":3,\"name\":\"Ready, set? De winter komt eraan!\"}]},{\"@type\":\"WebSite\",\"@id\":\"https:\\\/\\\/cavalor.com\\\/nl\\\/#website\",\"url\":\"https:\\\/\\\/cavalor.com\\\/nl\\\/\",\"name\":\"Cavalor\",\"description\":\"Nutrition for horses\",\"publisher\":{\"@id\":\"https:\\\/\\\/cavalor.com\\\/nl\\\/#organization\"},\"potentialAction\":[{\"@type\":\"SearchAction\",\"target\":{\"@type\":\"EntryPoint\",\"urlTemplate\":\"https:\\\/\\\/cavalor.com\\\/nl\\\/?s={search_term_string}\"},\"query-input\":{\"@type\":\"PropertyValueSpecification\",\"valueRequired\":true,\"valueName\":\"search_term_string\"}}],\"inLanguage\":\"nl-NL\"},{\"@type\":\"Organization\",\"@id\":\"https:\\\/\\\/cavalor.com\\\/nl\\\/#organization\",\"name\":\"Cavalor\",\"url\":\"https:\\\/\\\/cavalor.com\\\/nl\\\/\",\"logo\":{\"@type\":\"ImageObject\",\"inLanguage\":\"nl-NL\",\"@id\":\"https:\\\/\\\/cavalor.com\\\/nl\\\/#\\\/schema\\\/logo\\\/image\\\/\",\"url\":\"https:\\\/\\\/cavalor.com\\\/wp-content\\\/uploads\\\/2025\\\/03\\\/cavalor-logo.png\",\"contentUrl\":\"https:\\\/\\\/cavalor.com\\\/wp-content\\\/uploads\\\/2025\\\/03\\\/cavalor-logo.png\",\"width\":696,\"height\":696,\"caption\":\"Cavalor\"},\"image\":{\"@id\":\"https:\\\/\\\/cavalor.com\\\/nl\\\/#\\\/schema\\\/logo\\\/image\\\/\"},\"sameAs\":[\"https:\\\/\\\/www.facebook.com\\\/yourcavalor\",\"https:\\\/\\\/x.com\\\/cavalor\",\"https:\\\/\\\/nl.linkedin.com\\\/company\\\/cavalor\",\"https:\\\/\\\/www.youtube.com\\\/user\\\/CavalorVideo\"],\"description\":\"From the first steps in the world of equestrian sport to the ultimate partnership of horse and rider: we are here to accompany you on your journey. We assist you in making the right feed decisions to bring out the best in you and your horse. Not as a quick fix, but with a view to the horizon. We\u2019re committed to good health inside and out. Our products are created to meet the needs of your horse in any sport, any phase of life, and any specific requirements. Ambition is what drives us and makes us grow. All of us. At Cavalor, we challenge ourselves to gain more knowledge and improve continuously. That\u2019s how we develop our products; every product is borne of a rational and unique view on equine feeding and care \u2013 supported by scientific research and driven by the desire for the health of the horse and the meeting of its needs.\",\"email\":\"info@cavalor.com\",\"telephone\":\"+32 (0)9 220 25 25\"},{\"@type\":\"Person\",\"@id\":\"https:\\\/\\\/cavalor.com\\\/nl\\\/#\\\/schema\\\/person\\\/ef881d098b3a00614370f4f7e1ad1e6f\",\"name\":\"Jannah Van Overwaele\",\"image\":{\"@type\":\"ImageObject\",\"inLanguage\":\"nl-NL\",\"@id\":\"https:\\\/\\\/secure.gravatar.com\\\/avatar\\\/75ae7ec5da59ba382923e3e175275d16ef2bfe7c07930bb1afe6d46422b23b7a?s=96&d=mm&r=g\",\"url\":\"https:\\\/\\\/secure.gravatar.com\\\/avatar\\\/75ae7ec5da59ba382923e3e175275d16ef2bfe7c07930bb1afe6d46422b23b7a?s=96&d=mm&r=g\",\"contentUrl\":\"https:\\\/\\\/secure.gravatar.com\\\/avatar\\\/75ae7ec5da59ba382923e3e175275d16ef2bfe7c07930bb1afe6d46422b23b7a?s=96&d=mm&r=g\",\"caption\":\"Jannah Van Overwaele\"},\"url\":\"https:\\\/\\\/cavalor.com\\\/nl\\\/author\\\/jannah\\\/\"}]}<\/script>\n<!-- \/ Yoast SEO Premium plugin. -->","yoast_head_json":{"title":"Verzorging van paarden in de winter | Tips & Advies | CAVALOR","description":"De dagen worden korter, de haren langer en de temperatuur gaat naar beneden: de winter komt eraan. Lees hier alles over paarden in de winter.","robots":{"index":"index","follow":"follow","max-snippet":"max-snippet:-1","max-image-preview":"max-image-preview:large","max-video-preview":"max-video-preview:-1"},"canonical":"https:\/\/cavalor.com\/nl\/artikelen\/ready-set-de-winter-komt-eraan\/","og_locale":"nl_NL","og_type":"article","og_title":"Ready, set? De winter komt eraan!","og_description":"De dagen worden korter, de haren langer en de temperatuur gaat naar beneden: de winter komt eraan. Lees hier alles over paarden in de winter.","og_url":"https:\/\/cavalor.com\/nl\/artikelen\/ready-set-de-winter-komt-eraan\/","og_site_name":"Cavalor","article_publisher":"https:\/\/www.facebook.com\/yourcavalor","article_modified_time":"2026-04-03T09:56:16+00:00","og_image":[{"width":1200,"height":800,"url":"https:\/\/cavalor.com\/wp-content\/uploads\/2021\/12\/winter-1.jpg","type":"image\/jpeg"}],"twitter_card":"summary_large_image","twitter_site":"@cavalor","twitter_misc":{"Geschatte leestijd":"6 minuten"},"schema":{"@context":"https:\/\/schema.org","@graph":[{"@type":"Article","@id":"https:\/\/cavalor.com\/nl\/artikelen\/ready-set-de-winter-komt-eraan\/#article","isPartOf":{"@id":"https:\/\/cavalor.com\/nl\/artikelen\/ready-set-de-winter-komt-eraan\/"},"author":{"name":"Jannah Van Overwaele","@id":"https:\/\/cavalor.com\/nl\/#\/schema\/person\/ef881d098b3a00614370f4f7e1ad1e6f"},"headline":"Ready, set? De winter komt eraan!","datePublished":"2023-10-13T11:55:17+00:00","dateModified":"2026-04-03T09:56:16+00:00","mainEntityOfPage":{"@id":"https:\/\/cavalor.com\/nl\/artikelen\/ready-set-de-winter-komt-eraan\/"},"wordCount":1207,"publisher":{"@id":"https:\/\/cavalor.com\/nl\/#organization"},"image":{"@id":"https:\/\/cavalor.com\/nl\/artikelen\/ready-set-de-winter-komt-eraan\/#primaryimage"},"thumbnailUrl":"https:\/\/cavalor.com\/wp-content\/uploads\/2021\/12\/winter-1.jpg","inLanguage":"nl-NL"},{"@type":"WebPage","@id":"https:\/\/cavalor.com\/nl\/artikelen\/ready-set-de-winter-komt-eraan\/","url":"https:\/\/cavalor.com\/nl\/artikelen\/ready-set-de-winter-komt-eraan\/","name":"Verzorging van paarden in de winter | Tips & Advies | CAVALOR","isPartOf":{"@id":"https:\/\/cavalor.com\/nl\/#website"},"primaryImageOfPage":{"@id":"https:\/\/cavalor.com\/nl\/artikelen\/ready-set-de-winter-komt-eraan\/#primaryimage"},"image":{"@id":"https:\/\/cavalor.com\/nl\/artikelen\/ready-set-de-winter-komt-eraan\/#primaryimage"},"thumbnailUrl":"https:\/\/cavalor.com\/wp-content\/uploads\/2021\/12\/winter-1.jpg","datePublished":"2023-10-13T11:55:17+00:00","dateModified":"2026-04-03T09:56:16+00:00","description":"De dagen worden korter, de haren langer en de temperatuur gaat naar beneden: de winter komt eraan. Lees hier alles over paarden in de winter.","breadcrumb":{"@id":"https:\/\/cavalor.com\/nl\/artikelen\/ready-set-de-winter-komt-eraan\/#breadcrumb"},"inLanguage":"nl-NL","potentialAction":[{"@type":"ReadAction","target":["https:\/\/cavalor.com\/nl\/artikelen\/ready-set-de-winter-komt-eraan\/"]}]},{"@type":"ImageObject","inLanguage":"nl-NL","@id":"https:\/\/cavalor.com\/nl\/artikelen\/ready-set-de-winter-komt-eraan\/#primaryimage","url":"https:\/\/cavalor.com\/wp-content\/uploads\/2021\/12\/winter-1.jpg","contentUrl":"https:\/\/cavalor.com\/wp-content\/uploads\/2021\/12\/winter-1.jpg","width":1200,"height":800},{"@type":"BreadcrumbList","@id":"https:\/\/cavalor.com\/nl\/artikelen\/ready-set-de-winter-komt-eraan\/#breadcrumb","itemListElement":[{"@type":"ListItem","position":1,"name":"Home","item":"https:\/\/cavalor.com\/nl\/"},{"@type":"ListItem","position":2,"name":"Articles","item":"https:\/\/cavalor.com\/nl\/artikelen\/"},{"@type":"ListItem","position":3,"name":"Ready, set? De winter komt eraan!"}]},{"@type":"WebSite","@id":"https:\/\/cavalor.com\/nl\/#website","url":"https:\/\/cavalor.com\/nl\/","name":"Cavalor","description":"Nutrition for horses","publisher":{"@id":"https:\/\/cavalor.com\/nl\/#organization"},"potentialAction":[{"@type":"SearchAction","target":{"@type":"EntryPoint","urlTemplate":"https:\/\/cavalor.com\/nl\/?s={search_term_string}"},"query-input":{"@type":"PropertyValueSpecification","valueRequired":true,"valueName":"search_term_string"}}],"inLanguage":"nl-NL"},{"@type":"Organization","@id":"https:\/\/cavalor.com\/nl\/#organization","name":"Cavalor","url":"https:\/\/cavalor.com\/nl\/","logo":{"@type":"ImageObject","inLanguage":"nl-NL","@id":"https:\/\/cavalor.com\/nl\/#\/schema\/logo\/image\/","url":"https:\/\/cavalor.com\/wp-content\/uploads\/2025\/03\/cavalor-logo.png","contentUrl":"https:\/\/cavalor.com\/wp-content\/uploads\/2025\/03\/cavalor-logo.png","width":696,"height":696,"caption":"Cavalor"},"image":{"@id":"https:\/\/cavalor.com\/nl\/#\/schema\/logo\/image\/"},"sameAs":["https:\/\/www.facebook.com\/yourcavalor","https:\/\/x.com\/cavalor","https:\/\/nl.linkedin.com\/company\/cavalor","https:\/\/www.youtube.com\/user\/CavalorVideo"],"description":"From the first steps in the world of equestrian sport to the ultimate partnership of horse and rider: we are here to accompany you on your journey. We assist you in making the right feed decisions to bring out the best in you and your horse. Not as a quick fix, but with a view to the horizon. We\u2019re committed to good health inside and out. Our products are created to meet the needs of your horse in any sport, any phase of life, and any specific requirements. Ambition is what drives us and makes us grow. All of us. At Cavalor, we challenge ourselves to gain more knowledge and improve continuously. That\u2019s how we develop our products; every product is borne of a rational and unique view on equine feeding and care \u2013 supported by scientific research and driven by the desire for the health of the horse and the meeting of its needs.","email":"info@cavalor.com","telephone":"+32 (0)9 220 25 25"},{"@type":"Person","@id":"https:\/\/cavalor.com\/nl\/#\/schema\/person\/ef881d098b3a00614370f4f7e1ad1e6f","name":"Jannah Van Overwaele","image":{"@type":"ImageObject","inLanguage":"nl-NL","@id":"https:\/\/secure.gravatar.com\/avatar\/75ae7ec5da59ba382923e3e175275d16ef2bfe7c07930bb1afe6d46422b23b7a?s=96&d=mm&r=g","url":"https:\/\/secure.gravatar.com\/avatar\/75ae7ec5da59ba382923e3e175275d16ef2bfe7c07930bb1afe6d46422b23b7a?s=96&d=mm&r=g","contentUrl":"https:\/\/secure.gravatar.com\/avatar\/75ae7ec5da59ba382923e3e175275d16ef2bfe7c07930bb1afe6d46422b23b7a?s=96&d=mm&r=g","caption":"Jannah Van Overwaele"},"url":"https:\/\/cavalor.com\/nl\/author\/jannah\/"}]}},"_links":{"self":[{"href":"https:\/\/cavalor.com\/nl\/wp-json\/wp\/v2\/articles\/72330","targetHints":{"allow":["GET"]}}],"collection":[{"href":"https:\/\/cavalor.com\/nl\/wp-json\/wp\/v2\/articles"}],"about":[{"href":"https:\/\/cavalor.com\/nl\/wp-json\/wp\/v2\/types\/articles"}],"author":[{"embeddable":true,"href":"https:\/\/cavalor.com\/nl\/wp-json\/wp\/v2\/users\/1009"}],"replies":[{"embeddable":true,"href":"https:\/\/cavalor.com\/nl\/wp-json\/wp\/v2\/comments?post=72330"}],"version-history":[{"count":2,"href":"https:\/\/cavalor.com\/nl\/wp-json\/wp\/v2\/articles\/72330\/revisions"}],"predecessor-version":[{"id":166301,"href":"https:\/\/cavalor.com\/nl\/wp-json\/wp\/v2\/articles\/72330\/revisions\/166301"}],"wp:featuredmedia":[{"embeddable":true,"href":"https:\/\/cavalor.com\/nl\/wp-json\/wp\/v2\/media\/118876"}],"wp:attachment":[{"href":"https:\/\/cavalor.com\/nl\/wp-json\/wp\/v2\/media?parent=72330"}],"wp:term":[{"taxonomy":"main-structure","embeddable":true,"href":"https:\/\/cavalor.com\/nl\/wp-json\/wp\/v2\/main-structure?post=72330"},{"taxonomy":"reference-activation","embeddable":true,"href":"https:\/\/cavalor.com\/nl\/wp-json\/wp\/v2\/reference-activation?post=72330"},{"taxonomy":"search-archive","embeddable":true,"href":"https:\/\/cavalor.com\/nl\/wp-json\/wp\/v2\/search-archive?post=72330"},{"taxonomy":"bezorgdheden","embeddable":true,"href":"https:\/\/cavalor.com\/nl\/wp-json\/wp\/v2\/bezorgdheden?post=72330"},{"taxonomy":"general-category","embeddable":true,"href":"https:\/\/cavalor.com\/nl\/wp-json\/wp\/v2\/general-category?post=72330"},{"taxonomy":"_hot_topics","embeddable":true,"href":"https:\/\/cavalor.com\/nl\/wp-json\/wp\/v2\/_hot_topics?post=72330"}],"curies":[{"name":"wp","href":"https:\/\/api.w.org\/{rel}","templated":true}]}}